{"id":2598,"date":"2022-07-15T08:00:00","date_gmt":"2022-07-15T06:00:00","guid":{"rendered":"https:\/\/levangilealecran.com\/?p=2598"},"modified":"2022-07-12T10:30:35","modified_gmt":"2022-07-12T08:30:35","slug":"16e-dimanche-du-temps-ordinaire-c-17-juillet-2022","status":"publish","type":"post","link":"https:\/\/levangilealecran.com\/?p=2598","title":{"rendered":"16e dimanche du Temps ordinaire C \u2013 17 juillet 2022"},"content":{"rendered":"\n<blockquote class=\"wp-block-quote is-layout-flow wp-block-quote-is-layout-flow\"><p>\u00ab\u00a0Marie a choisi la meilleure part\u00a0\u00bb<\/p><cite>Luc 10, 42<\/cite><\/blockquote>\n\n\n\n<figure class=\"wp-block-image size-full\"><a href=\"https:\/\/levangilealecran.com\/wp-content\/uploads\/2022\/07\/ImageEvEcr2022_7_15.jpg\"><img loading=\"lazy\" decoding=\"async\" width=\"600\" height=\"600\" src=\"https:\/\/levangilealecran.com\/wp-content\/uploads\/2022\/07\/ImageEvEcr2022_7_15.jpg\" alt=\"\" class=\"wp-image-2599\" srcset=\"https:\/\/levangilealecran.com\/wp-content\/uploads\/2022\/07\/ImageEvEcr2022_7_15.jpg 600w, https:\/\/levangilealecran.com\/wp-content\/uploads\/2022\/07\/ImageEvEcr2022_7_15-300x300.jpg 300w, https:\/\/levangilealecran.com\/wp-content\/uploads\/2022\/07\/ImageEvEcr2022_7_15-150x150.jpg 150w\" sizes=\"auto, (max-width: 600px) 100vw, 600px\" \/><\/a><\/figure>\n\n\n\n<p class=\"wp-block-paragraph\"><strong>> Avec cette histoire bien connue, une question m\u2019est pos\u00e9e\u00a0: que choisir pour ma vie\u00a0? Le service ou la contemplation\u00a0? Les deux sont n\u00e9cessaires, mais la meilleure part, nous dit le texte, est bien celle de l\u2019\u00e9coute de la Parole. Quelle place celle-ci prend-elle dans ma vie\u00a0?\u00a0<\/strong><\/p>\n\n\n\n<p class=\"wp-block-paragraph\"><strong>> Il y a un temps pour le service, et un temps pour la contemplation. Un temps pour l\u2019agitation pratique, et un temps pour l\u2019\u00e9coute de la Parole. Et dans ma vie, comment se joue cet \u00e9quilibre entre ces diff\u00e9rents temps\u00a0?\u00a0<\/strong><\/p>\n\n\n\n<p class=\"wp-block-paragraph\"><strong>> En cette semaine estivale, le temps nous est donn\u00e9\u2026 pour prendre le temps. Prendre le temps simplement de cueillir le jour et de faire des choses que nous n\u2019avons peut-\u00eatre pas le temps de faire d\u2019ordinaire : un geste envers des proches, une pri\u00e8re, une proposition, un service, un temps de silence, m\u00e9diter un texte biblique, etc. Un temps donn\u00e9 avec Christ\u2026 \u00e0 d\u00e9guster, comme la meilleure part.<\/strong><\/p>\n","protected":false},"excerpt":{"rendered":"<p>\u00ab\u00a0Marie a choisi la meilleure part\u00a0\u00bb Luc 10, 42 > Avec cette histoire bien connue, une question m\u2019est pos\u00e9e\u00a0: que choisir pour ma vie\u00a0? Le service ou la contemplation\u00a0? Les deux sont n\u00e9cessaires, mais la meilleure part, nous dit le texte, est bien celle de l\u2019\u00e9coute de la Parole. Quelle place celle-ci prend-elle dans ma vie\u00a0?\u00a0 > Il y a un temps pour le service, et un temps pour la contemplation. Un temps pour l\u2019agitation pratique, et un temps pour l\u2019\u00e9coute de la Parole. Et dans ma vie, comment se joue cet \u00e9quilibre entre ces diff\u00e9rents temps\u00a0?\u00a0 > En cette semaine estivale, le temps nous est donn\u00e9\u2026 pour prendre le \u2026 <a class=\"continue-reading-link\" href=\"https:\/\/levangilealecran.com\/?p=2598\"> Continue reading <span class=\"meta-nav\">&rarr; <\/span><\/a><\/p>\n","protected":false},"author":2006,"featured_media":0,"comment_status":"open","ping_status":"open","sticky":false,"template":"","format":"standard","meta":{"footnotes":""},"categories":[4,6],"tags":[305,904,122,110],"class_list":["post-2598","post","type-post","status-publish","format-standard","hentry","category-dimanche","category-luc","tag-choix","tag-contemplation","tag-service","tag-temps"],"_links":{"self":[{"href":"https:\/\/levangilealecran.com\/index.php?rest_route=\/wp\/v2\/posts\/2598","targetHints":{"allow":["GET"]}}],"collection":[{"href":"https:\/\/levangilealecran.com\/index.php?rest_route=\/wp\/v2\/posts"}],"about":[{"href":"https:\/\/levangilealecran.com\/index.php?rest_route=\/wp\/v2\/types\/post"}],"author":[{"embeddable":true,"href":"https:\/\/levangilealecran.com\/index.php?rest_route=\/wp\/v2\/users\/2006"}],"replies":[{"embeddable":true,"href":"https:\/\/levangilealecran.com\/index.php?rest_route=%2Fwp%2Fv2%2Fcomments&post=2598"}],"version-history":[{"count":1,"href":"https:\/\/levangilealecran.com\/index.php?rest_route=\/wp\/v2\/posts\/2598\/revisions"}],"predecessor-version":[{"id":2600,"href":"https:\/\/levangilealecran.com\/index.php?rest_route=\/wp\/v2\/posts\/2598\/revisions\/2600"}],"wp:attachment":[{"href":"https:\/\/levangilealecran.com\/index.php?rest_route=%2Fwp%2Fv2%2Fmedia&parent=2598"}],"wp:term":[{"taxonomy":"category","embeddable":true,"href":"https:\/\/levangilealecran.com\/index.php?rest_route=%2Fwp%2Fv2%2Fcategories&post=2598"},{"taxonomy":"post_tag","embeddable":true,"href":"https:\/\/levangilealecran.com\/index.php?rest_route=%2Fwp%2Fv2%2Ftags&post=2598"}],"curies":[{"name":"wp","href":"https:\/\/api.w.org\/{rel}","templated":true}]}}