{"id":2584,"date":"2022-06-24T08:00:00","date_gmt":"2022-06-24T06:00:00","guid":{"rendered":"https:\/\/levangilealecran.com\/?p=2584"},"modified":"2022-06-23T22:43:35","modified_gmt":"2022-06-23T20:43:35","slug":"2584","status":"publish","type":"post","link":"https:\/\/levangilealecran.com\/?p=2584","title":{"rendered":"13e dimanche du Temps ordinaire C \u2013 26 juin 2022"},"content":{"rendered":"\n<blockquote class=\"wp-block-quote is-layout-flow wp-block-quote-is-layout-flow\"><p>\u00ab Laisse les morts enterrer leurs morts. <br>Toi, pars, et annonce le r\u00e8gne de Dieu. \u00bb<\/p><cite>(Luc 9,51-62)<\/cite><\/blockquote>\n\n\n\n<figure class=\"wp-block-image size-full\"><a href=\"https:\/\/levangilealecran.com\/wp-content\/uploads\/2022\/06\/07-26-1936-Mourning_Mother_Canada.jpeg\"><img loading=\"lazy\" decoding=\"async\" width=\"1024\" height=\"768\" src=\"https:\/\/levangilealecran.com\/wp-content\/uploads\/2022\/06\/07-26-1936-Mourning_Mother_Canada.jpeg\" alt=\"\" class=\"wp-image-2585\" srcset=\"https:\/\/levangilealecran.com\/wp-content\/uploads\/2022\/06\/07-26-1936-Mourning_Mother_Canada.jpeg 1024w, https:\/\/levangilealecran.com\/wp-content\/uploads\/2022\/06\/07-26-1936-Mourning_Mother_Canada-300x225.jpeg 300w, https:\/\/levangilealecran.com\/wp-content\/uploads\/2022\/06\/07-26-1936-Mourning_Mother_Canada-768x576.jpeg 768w, https:\/\/levangilealecran.com\/wp-content\/uploads\/2022\/06\/07-26-1936-Mourning_Mother_Canada-150x113.jpeg 150w, https:\/\/levangilealecran.com\/wp-content\/uploads\/2022\/06\/07-26-1936-Mourning_Mother_Canada-200x150.jpeg 200w\" sizes=\"auto, (max-width: 1024px) 100vw, 1024px\" \/><\/a><\/figure>\n\n\n\n<p class=\"wp-block-paragraph\"><strong>&gt; C&rsquo;est un peu fort en chocolat cette injonction de J\u00e9sus \u00e0 cet homme en deuil de son p\u00e8re! Imaginez qu&rsquo;un eccl\u00e9siastique ou un aum\u00f4nier vous parle ainsi&#8230;<\/strong><\/p>\n\n\n\n<p class=\"wp-block-paragraph\"><strong>&gt; Il faut se remettre dans le contexte de l&rsquo;\u00e9poque o\u00f9 il semble que les rituels fun\u00e9raires \u00e9taient interminables, selon la loi de Moise. Comme si s&rsquo;accrocher \u00e0 des rites scl\u00e9ros\u00e9s \u00e9tait devenu une fa\u00e7on d\u2019ensevelir le message, alors que toujours et toujours la parole du Christ est r\u00e9surrection et vie, alors m\u00eame qu&rsquo;il se met en route pour J\u00e9rusalem&#8230; Cela me fait penser \u00e0 la femme de Loth qui lors de la destruction de Sodome avait regard\u00e9 en arri\u00e8re, et elle \u00e9tait devenue une colonne de sel (Gn 19,26). N\u00e9gligeant la parole de Dieu, la femme de Loth subissait son propre ch\u00e2timent.<\/strong><\/p>\n\n\n\n<p class=\"wp-block-paragraph\"><strong>&gt; Comment cette semaine me mettre \u00e0 l\u2019\u00e9coute de la Parole de Dieu pour ne pas rester fig\u00e9.e dans mes regrets mais me tourner r\u00e9solument vers la vie et vers l\u2019avenir?<\/strong><\/p>\n","protected":false},"excerpt":{"rendered":"<p>\u00ab Laisse les morts enterrer leurs morts. Toi, pars, et annonce le r\u00e8gne de Dieu. \u00bb (Luc 9,51-62) &gt; C&rsquo;est un peu fort en chocolat cette injonction de J\u00e9sus \u00e0 cet homme en deuil de son p\u00e8re! Imaginez qu&rsquo;un eccl\u00e9siastique ou un aum\u00f4nier vous parle ainsi&#8230; &gt; Il faut se remettre dans le contexte de l&rsquo;\u00e9poque o\u00f9 il semble que les rituels fun\u00e9raires \u00e9taient interminables, selon la loi de Moise. Comme si s&rsquo;accrocher \u00e0 des rites scl\u00e9ros\u00e9s \u00e9tait devenu une fa\u00e7on d\u2019ensevelir le message, alors que toujours et toujours la parole du Christ est r\u00e9surrection et vie, alors m\u00eame qu&rsquo;il se met en route pour J\u00e9rusalem&#8230; Cela me fait penser \u2026 <a class=\"continue-reading-link\" href=\"https:\/\/levangilealecran.com\/?p=2584\"> Continue reading <span class=\"meta-nav\">&rarr; <\/span><\/a><\/p>\n","protected":false},"author":2006,"featured_media":0,"comment_status":"open","ping_status":"open","sticky":false,"template":"","format":"standard","meta":{"footnotes":""},"categories":[4,6],"tags":[93,39,55,52],"class_list":["post-2584","post","type-post","status-publish","format-standard","hentry","category-dimanche","category-luc","tag-deuil","tag-parole","tag-resurrection","tag-vie"],"_links":{"self":[{"href":"https:\/\/levangilealecran.com\/index.php?rest_route=\/wp\/v2\/posts\/2584","targetHints":{"allow":["GET"]}}],"collection":[{"href":"https:\/\/levangilealecran.com\/index.php?rest_route=\/wp\/v2\/posts"}],"about":[{"href":"https:\/\/levangilealecran.com\/index.php?rest_route=\/wp\/v2\/types\/post"}],"author":[{"embeddable":true,"href":"https:\/\/levangilealecran.com\/index.php?rest_route=\/wp\/v2\/users\/2006"}],"replies":[{"embeddable":true,"href":"https:\/\/levangilealecran.com\/index.php?rest_route=%2Fwp%2Fv2%2Fcomments&post=2584"}],"version-history":[{"count":2,"href":"https:\/\/levangilealecran.com\/index.php?rest_route=\/wp\/v2\/posts\/2584\/revisions"}],"predecessor-version":[{"id":2587,"href":"https:\/\/levangilealecran.com\/index.php?rest_route=\/wp\/v2\/posts\/2584\/revisions\/2587"}],"wp:attachment":[{"href":"https:\/\/levangilealecran.com\/index.php?rest_route=%2Fwp%2Fv2%2Fmedia&parent=2584"}],"wp:term":[{"taxonomy":"category","embeddable":true,"href":"https:\/\/levangilealecran.com\/index.php?rest_route=%2Fwp%2Fv2%2Fcategories&post=2584"},{"taxonomy":"post_tag","embeddable":true,"href":"https:\/\/levangilealecran.com\/index.php?rest_route=%2Fwp%2Fv2%2Ftags&post=2584"}],"curies":[{"name":"wp","href":"https:\/\/api.w.org\/{rel}","templated":true}]}}