{"id":2580,"date":"2022-06-17T08:00:00","date_gmt":"2022-06-17T06:00:00","guid":{"rendered":"https:\/\/levangilealecran.com\/?p=2580"},"modified":"2022-06-15T18:13:04","modified_gmt":"2022-06-15T16:13:04","slug":"12e-dimanche-du-temps-ordinaire-c-19-juin-2022","status":"publish","type":"post","link":"https:\/\/levangilealecran.com\/?p=2580","title":{"rendered":"12e dimanche du Temps ordinaire  C \u2013 19 juin 2022"},"content":{"rendered":"\n<blockquote class=\"wp-block-quote is-layout-flow wp-block-quote-is-layout-flow\"><p>\u00ab Au dire des foules, qui suis-je ? \u00bb &#8211; \u00ab Pour vous, qui suis-je ? \u00bb<\/p><cite>Lc 9, 18-24<\/cite><\/blockquote>\n\n\n\n<figure class=\"wp-block-image size-full\"><a href=\"https:\/\/levangilealecran.com\/wp-content\/uploads\/2022\/06\/Capture-decran-2022-06-15-a-18.11.20.png\"><img loading=\"lazy\" decoding=\"async\" width=\"482\" height=\"560\" src=\"https:\/\/levangilealecran.com\/wp-content\/uploads\/2022\/06\/Capture-decran-2022-06-15-a-18.11.20.png\" alt=\"\" class=\"wp-image-2582\" srcset=\"https:\/\/levangilealecran.com\/wp-content\/uploads\/2022\/06\/Capture-decran-2022-06-15-a-18.11.20.png 482w, https:\/\/levangilealecran.com\/wp-content\/uploads\/2022\/06\/Capture-decran-2022-06-15-a-18.11.20-258x300.png 258w, https:\/\/levangilealecran.com\/wp-content\/uploads\/2022\/06\/Capture-decran-2022-06-15-a-18.11.20-129x150.png 129w\" sizes=\"auto, (max-width: 482px) 100vw, 482px\" \/><\/a><\/figure>\n\n\n\n<p class=\"wp-block-paragraph\"><strong>> \u00ab Seigneur J\u00e9sus, si je comprends bien, tu ne les poses pas ces questions par curiosit\u00e9, mais en d\u00e9sirant fortifier la foi de tes disciples qui sont avec toi en route vers J\u00e9rusalem, lieu o\u00f9 tu donneras ta vie. Je pressens que tu n\u2019as pas laiss\u00e9 au hasard le moment o\u00f9 tu allais t\u2019adresser aux Douze : C\u2019est du<\/strong> <strong>c\u0153ur de ton intimit\u00e9 avec le P\u00e8re que jaillit ton questionnement r\u00e9v\u00e9lateur. Heure solennelle.<\/strong><\/p>\n\n\n\n<p class=\"wp-block-paragraph\"><strong>> Si le regard des foules s\u2019arr\u00eate sur des aspects ext\u00e9rieurs, quel contraste alors avec la r\u00e9ponse de Pierre ! Au nom des Douze, il proclame sa foi en ton origine divine : \u00ab Tu es le Christ, le Messie de Dieu.\u00bb<\/strong><\/p>\n\n\n\n<p class=\"wp-block-paragraph\"><strong>> Aujourd\u2019hui, quelle est ma r\u00e9ponse en t\u2019entendant m\u2019adresser la m\u00eame question ? Tu n\u2019attends pas de moi une r\u00e9ponse intellectuelle, \u201cjuste\u201c, comme venant d\u2019un premier de classe, mais une r\u00e9ponse existentielle qui engage toute ma vie : Marcher \u00e0 ta suite, renoncer \u00e0 moi-m\u00eame, prendre ma croix chaque jour et te suivre. Oui, pour moi, tu es Celui qui a donn\u00e9 sa vie pour moi et de qui je re\u00e7ois chaque jour \u00e0 nouveau la mienne, apparemment \u201cperdue\u201c &#8211; \u00e0 cause de toi. \u00bb<\/strong><\/p>\n","protected":false},"excerpt":{"rendered":"<p>\u00ab Au dire des foules, qui suis-je ? \u00bb &#8211; \u00ab Pour vous, qui suis-je ? \u00bb Lc 9, 18-24 > \u00ab Seigneur J\u00e9sus, si je comprends bien, tu ne les poses pas ces questions par curiosit\u00e9, mais en d\u00e9sirant fortifier la foi de tes disciples qui sont avec toi en route vers J\u00e9rusalem, lieu o\u00f9 tu donneras ta vie. Je pressens que tu n\u2019as pas laiss\u00e9 au hasard le moment o\u00f9 tu allais t\u2019adresser aux Douze : C\u2019est du c\u0153ur de ton intimit\u00e9 avec le P\u00e8re que jaillit ton questionnement r\u00e9v\u00e9lateur. Heure solennelle. > Si le regard des foules s\u2019arr\u00eate sur des aspects ext\u00e9rieurs, quel contraste alors avec la \u2026 <a class=\"continue-reading-link\" href=\"https:\/\/levangilealecran.com\/?p=2580\"> Continue reading <span class=\"meta-nav\">&rarr; <\/span><\/a><\/p>\n","protected":false},"author":2006,"featured_media":0,"comment_status":"open","ping_status":"open","sticky":false,"template":"","format":"standard","meta":{"footnotes":""},"categories":[4,6],"tags":[53,76,98,903,180,457],"class_list":["post-2580","post","type-post","status-publish","format-standard","hentry","category-dimanche","category-luc","tag-christ","tag-foi","tag-identite","tag-marcher","tag-messie","tag-reponse"],"_links":{"self":[{"href":"https:\/\/levangilealecran.com\/index.php?rest_route=\/wp\/v2\/posts\/2580","targetHints":{"allow":["GET"]}}],"collection":[{"href":"https:\/\/levangilealecran.com\/index.php?rest_route=\/wp\/v2\/posts"}],"about":[{"href":"https:\/\/levangilealecran.com\/index.php?rest_route=\/wp\/v2\/types\/post"}],"author":[{"embeddable":true,"href":"https:\/\/levangilealecran.com\/index.php?rest_route=\/wp\/v2\/users\/2006"}],"replies":[{"embeddable":true,"href":"https:\/\/levangilealecran.com\/index.php?rest_route=%2Fwp%2Fv2%2Fcomments&post=2580"}],"version-history":[{"count":1,"href":"https:\/\/levangilealecran.com\/index.php?rest_route=\/wp\/v2\/posts\/2580\/revisions"}],"predecessor-version":[{"id":2583,"href":"https:\/\/levangilealecran.com\/index.php?rest_route=\/wp\/v2\/posts\/2580\/revisions\/2583"}],"wp:attachment":[{"href":"https:\/\/levangilealecran.com\/index.php?rest_route=%2Fwp%2Fv2%2Fmedia&parent=2580"}],"wp:term":[{"taxonomy":"category","embeddable":true,"href":"https:\/\/levangilealecran.com\/index.php?rest_route=%2Fwp%2Fv2%2Fcategories&post=2580"},{"taxonomy":"post_tag","embeddable":true,"href":"https:\/\/levangilealecran.com\/index.php?rest_route=%2Fwp%2Fv2%2Ftags&post=2580"}],"curies":[{"name":"wp","href":"https:\/\/api.w.org\/{rel}","templated":true}]}}