{"id":2569,"date":"2022-06-03T08:00:00","date_gmt":"2022-06-03T06:00:00","guid":{"rendered":"https:\/\/levangilealecran.com\/?p=2569"},"modified":"2022-06-02T22:46:05","modified_gmt":"2022-06-02T20:46:05","slug":"pentecote-c-5-juin-2022","status":"publish","type":"post","link":"https:\/\/levangilealecran.com\/?p=2569","title":{"rendered":"Pentec\u00f4te\u00a0\u2013 C \u2013 5 juin 2022"},"content":{"rendered":"\n<blockquote class=\"wp-block-quote is-layout-flow wp-block-quote-is-layout-flow\"><p>\u00ab Et moi, je prierai le P\u00e8re, et Il vous donnera un autre consolateur&#8230; \u00bb <\/p><cite>(Jean 14, 16)<\/cite><\/blockquote>\n\n\n\n<figure class=\"wp-block-image size-large\"><a href=\"https:\/\/levangilealecran.com\/wp-content\/uploads\/2022\/06\/match-1899824-allongee-scaled.jpg\"><img loading=\"lazy\" decoding=\"async\" width=\"1024\" height=\"310\" src=\"https:\/\/levangilealecran.com\/wp-content\/uploads\/2022\/06\/match-1899824-allongee-1024x310.jpg\" alt=\"\" class=\"wp-image-2570\" srcset=\"https:\/\/levangilealecran.com\/wp-content\/uploads\/2022\/06\/match-1899824-allongee-1024x310.jpg 1024w, https:\/\/levangilealecran.com\/wp-content\/uploads\/2022\/06\/match-1899824-allongee-300x91.jpg 300w, https:\/\/levangilealecran.com\/wp-content\/uploads\/2022\/06\/match-1899824-allongee-768x232.jpg 768w, https:\/\/levangilealecran.com\/wp-content\/uploads\/2022\/06\/match-1899824-allongee-1536x464.jpg 1536w, https:\/\/levangilealecran.com\/wp-content\/uploads\/2022\/06\/match-1899824-allongee-2048x619.jpg 2048w, https:\/\/levangilealecran.com\/wp-content\/uploads\/2022\/06\/match-1899824-allongee-150x45.jpg 150w, https:\/\/levangilealecran.com\/wp-content\/uploads\/2022\/06\/match-1899824-allongee-250x76.jpg 250w, https:\/\/levangilealecran.com\/wp-content\/uploads\/2022\/06\/match-1899824-allongee-1320x399.jpg 1320w\" sizes=\"auto, (max-width: 1024px) 100vw, 1024px\" \/><\/a><\/figure>\n\n\n\n<p class=\"wp-block-paragraph\"><span style=\"text-decoration: underline;\">UN AUTRE \u2026<\/span><\/p>\n\n\n\n<p class=\"wp-block-paragraph\"><strong>> Les paroles de J\u00e9sus sont pr\u00e9cises et choisies avec soin. Aucune d\u2019entre elles ne peut \u00eatre \u00e9lud\u00e9es. Pourtant, bien souvent, croyant conna\u00eetre le texte -de l\u2019avoir entendu \u00e0 maintes reprises-, nous esquivons des mots. Aujourd\u2019hui, c\u2019est \u00ab autre \u00bb qui se manifeste. Son r\u00f4le est de distinguer, de diff\u00e9rencier, par rapport \u00e0 une premi\u00e8re partie donn\u00e9e ou connue. Il y aurait donc un premier consolateur (Parakletos) ? L\u2019ap\u00f4tre Jean r\u00e9sout cette \u00e9nigme dans une de ses \u00e9p\u00eetres : le m\u00eame mot -Parakletos-est traduit par avocat et il d\u00e9signe Notre Seigneur : nous avons un avocat (parakletos) aupr\u00e8s du P\u00e8re, J\u00e9sus-Christ le juste. (1 Jean 2, 1). Nous voici aux bons soins de deux consolateurs, l\u2019Esprit Saint et J\u00e9sus Christ. Ces deux-l\u00e0 ne doivent pas nous faire oublier un troisi\u00e8me. Le proph\u00e8te Esa\u00efe l\u2019\u00e9voque : C&rsquo;est moi, c&rsquo;est moi qui vous console. (Esa\u00efe 51, 12). Et c\u2019est l\u2019Eternel lui-m\u00eame qui prononce ses paroles.<\/strong><\/p>\n\n\n\n<p class=\"wp-block-paragraph\"><strong>> En ce septi\u00e8me dimanche apr\u00e8s P\u00e2ques, nous comm\u00e9morons la descente du Saint-Esprit sur les Ap\u00f4tres. Ces trois consolateurs sont en parfaite harmonie : l\u2019un monte aupr\u00e8s du P\u00e8re permettant qu\u2019un autre descende d\u2019aupr\u00e8s du P\u00e8re. Avec l\u2019ap\u00f4tre Paul, b\u00e9nissons Dieu, le P\u00e8re de notre Seigneur J\u00e9sus-Christ, le P\u00e8re des mis\u00e9ricordes et le Dieu de toute consolation, qui nous console dans toutes nos afflictions, afin que, par la consolation dont nous sommes l&rsquo;objet de la part de Dieu, nous puissions consoler ceux qui se trouvent dans quelque affliction ! Laissons-nous conduire par l\u2019Esprit vers celles et ceux qui souffrent.<\/strong><\/p>\n","protected":false},"excerpt":{"rendered":"<p>\u00ab Et moi, je prierai le P\u00e8re, et Il vous donnera un autre consolateur&#8230; \u00bb (Jean 14, 16) UN AUTRE \u2026 > Les paroles de J\u00e9sus sont pr\u00e9cises et choisies avec soin. Aucune d\u2019entre elles ne peut \u00eatre \u00e9lud\u00e9es. Pourtant, bien souvent, croyant conna\u00eetre le texte -de l\u2019avoir entendu \u00e0 maintes reprises-, nous esquivons des mots. Aujourd\u2019hui, c\u2019est \u00ab autre \u00bb qui se manifeste. Son r\u00f4le est de distinguer, de diff\u00e9rencier, par rapport \u00e0 une premi\u00e8re partie donn\u00e9e ou connue. Il y aurait donc un premier consolateur (Parakletos) ? L\u2019ap\u00f4tre Jean r\u00e9sout cette \u00e9nigme dans une de ses \u00e9p\u00eetres : le m\u00eame mot -Parakletos-est traduit par avocat et il d\u00e9signe \u2026 <a class=\"continue-reading-link\" href=\"https:\/\/levangilealecran.com\/?p=2569\"> Continue reading <span class=\"meta-nav\">&rarr; <\/span><\/a><\/p>\n","protected":false},"author":2006,"featured_media":0,"comment_status":"open","ping_status":"open","sticky":false,"template":"","format":"standard","meta":{"footnotes":""},"categories":[4,24,5],"tags":[901,767,807],"class_list":["post-2569","post","type-post","status-publish","format-standard","hentry","category-dimanche","category-fetes","category-jean","tag-avocat","tag-consolateur","tag-esprit-saint-2"],"_links":{"self":[{"href":"https:\/\/levangilealecran.com\/index.php?rest_route=\/wp\/v2\/posts\/2569","targetHints":{"allow":["GET"]}}],"collection":[{"href":"https:\/\/levangilealecran.com\/index.php?rest_route=\/wp\/v2\/posts"}],"about":[{"href":"https:\/\/levangilealecran.com\/index.php?rest_route=\/wp\/v2\/types\/post"}],"author":[{"embeddable":true,"href":"https:\/\/levangilealecran.com\/index.php?rest_route=\/wp\/v2\/users\/2006"}],"replies":[{"embeddable":true,"href":"https:\/\/levangilealecran.com\/index.php?rest_route=%2Fwp%2Fv2%2Fcomments&post=2569"}],"version-history":[{"count":1,"href":"https:\/\/levangilealecran.com\/index.php?rest_route=\/wp\/v2\/posts\/2569\/revisions"}],"predecessor-version":[{"id":2571,"href":"https:\/\/levangilealecran.com\/index.php?rest_route=\/wp\/v2\/posts\/2569\/revisions\/2571"}],"wp:attachment":[{"href":"https:\/\/levangilealecran.com\/index.php?rest_route=%2Fwp%2Fv2%2Fmedia&parent=2569"}],"wp:term":[{"taxonomy":"category","embeddable":true,"href":"https:\/\/levangilealecran.com\/index.php?rest_route=%2Fwp%2Fv2%2Fcategories&post=2569"},{"taxonomy":"post_tag","embeddable":true,"href":"https:\/\/levangilealecran.com\/index.php?rest_route=%2Fwp%2Fv2%2Ftags&post=2569"}],"curies":[{"name":"wp","href":"https:\/\/api.w.org\/{rel}","templated":true}]}}