{"id":2565,"date":"2022-05-20T08:00:00","date_gmt":"2022-05-20T06:00:00","guid":{"rendered":"https:\/\/levangilealecran.com\/?p=2565"},"modified":"2022-05-19T23:51:36","modified_gmt":"2022-05-19T21:51:36","slug":"6e-dimanche-de-paques-c-22-mai-2022","status":"publish","type":"post","link":"https:\/\/levangilealecran.com\/?p=2565","title":{"rendered":"6e dimanche de P\u00e2ques \u2013 C \u2013 22 mai 2022"},"content":{"rendered":"\n<blockquote class=\"wp-block-quote is-layout-flow wp-block-quote-is-layout-flow\"><p>\u00ab Si quelqu\u2019un m\u2019aime, il gardera ma parole. [\u2026] l\u2019Esprit Saint [\u2026] vous enseignera tout \u00bb<\/p><cite>(Jean 14, 23..26)<\/cite><\/blockquote>\n\n\n\n<figure class=\"wp-block-image size-full is-resized\"><a href=\"https:\/\/levangilealecran.com\/wp-content\/uploads\/2022\/05\/20220522_Jn1423.png\"><img loading=\"lazy\" decoding=\"async\" src=\"https:\/\/levangilealecran.com\/wp-content\/uploads\/2022\/05\/20220522_Jn1423.png\" alt=\"\" class=\"wp-image-2566\" width=\"600\" height=\"600\" srcset=\"https:\/\/levangilealecran.com\/wp-content\/uploads\/2022\/05\/20220522_Jn1423.png 1200w, https:\/\/levangilealecran.com\/wp-content\/uploads\/2022\/05\/20220522_Jn1423-300x300.png 300w, https:\/\/levangilealecran.com\/wp-content\/uploads\/2022\/05\/20220522_Jn1423-1024x1024.png 1024w, https:\/\/levangilealecran.com\/wp-content\/uploads\/2022\/05\/20220522_Jn1423-150x150.png 150w, https:\/\/levangilealecran.com\/wp-content\/uploads\/2022\/05\/20220522_Jn1423-768x768.png 768w\" sizes=\"auto, (max-width: 600px) 100vw, 600px\" \/><\/a><\/figure>\n\n\n\n<p class=\"wp-block-paragraph\"><strong>> La premi\u00e8re affirmation de J\u00e9sus vaut pour toutes nos relations. C&rsquo;est un constat : lorsque nous sommes bienveillants envers ceux qui nous entourent, alors nous sommes \u00e0 l&rsquo;\u00e9coute et leurs paroles peuvent trouver \u00e9cho en nous. Si au contraire nous sommes emp\u00eatr\u00e9s dans nos soucis, ferm\u00e9s \u00e0 la relation, nous ne pouvons pas entendre et garder les paroles re\u00e7ues.<\/strong><\/p>\n\n\n\n<p class=\"wp-block-paragraph\"><strong>Ce qui diff\u00e8re potentiellement des relations humaines, c\u2019est que la Parole de J\u00e9sus vient du P\u00e8re : elle est forc\u00e9ment bonne et juste, et nous pouvons nous y fier pleinement. Pour mieux la comprendre, J\u00e9sus nous invite \u00e0 recevoir l&rsquo;Esprit-Saint qui nous guide.<\/strong><\/p>\n\n\n\n<p class=\"wp-block-paragraph\"><strong>> Cette semaine, soyons confort\u00e9s dans notre foi : si nous d\u00e9sirons le Christ, Il demeure en nous et envoie son Esprit qui nous donne sa paix.<\/strong><\/p>\n","protected":false},"excerpt":{"rendered":"<p>\u00ab Si quelqu\u2019un m\u2019aime, il gardera ma parole. [\u2026] l\u2019Esprit Saint [\u2026] vous enseignera tout \u00bb (Jean 14, 23..26) > La premi\u00e8re affirmation de J\u00e9sus vaut pour toutes nos relations. C&rsquo;est un constat : lorsque nous sommes bienveillants envers ceux qui nous entourent, alors nous sommes \u00e0 l&rsquo;\u00e9coute et leurs paroles peuvent trouver \u00e9cho en nous. Si au contraire nous sommes emp\u00eatr\u00e9s dans nos soucis, ferm\u00e9s \u00e0 la relation, nous ne pouvons pas entendre et garder les paroles re\u00e7ues. Ce qui diff\u00e8re potentiellement des relations humaines, c\u2019est que la Parole de J\u00e9sus vient du P\u00e8re : elle est forc\u00e9ment bonne et juste, et nous pouvons nous y fier pleinement. Pour \u2026 <a class=\"continue-reading-link\" href=\"https:\/\/levangilealecran.com\/?p=2565\"> Continue reading <span class=\"meta-nav\">&rarr; <\/span><\/a><\/p>\n","protected":false},"author":2005,"featured_media":0,"comment_status":"open","ping_status":"open","sticky":false,"template":"","format":"standard","meta":{"footnotes":""},"categories":[4,5,74],"tags":[83,86,76,39],"class_list":["post-2565","post","type-post","status-publish","format-standard","hentry","category-dimanche","category-jean","category-temps-pascal","tag-aimer","tag-esprit-saint","tag-foi","tag-parole"],"_links":{"self":[{"href":"https:\/\/levangilealecran.com\/index.php?rest_route=\/wp\/v2\/posts\/2565","targetHints":{"allow":["GET"]}}],"collection":[{"href":"https:\/\/levangilealecran.com\/index.php?rest_route=\/wp\/v2\/posts"}],"about":[{"href":"https:\/\/levangilealecran.com\/index.php?rest_route=\/wp\/v2\/types\/post"}],"author":[{"embeddable":true,"href":"https:\/\/levangilealecran.com\/index.php?rest_route=\/wp\/v2\/users\/2005"}],"replies":[{"embeddable":true,"href":"https:\/\/levangilealecran.com\/index.php?rest_route=%2Fwp%2Fv2%2Fcomments&post=2565"}],"version-history":[{"count":1,"href":"https:\/\/levangilealecran.com\/index.php?rest_route=\/wp\/v2\/posts\/2565\/revisions"}],"predecessor-version":[{"id":2567,"href":"https:\/\/levangilealecran.com\/index.php?rest_route=\/wp\/v2\/posts\/2565\/revisions\/2567"}],"wp:attachment":[{"href":"https:\/\/levangilealecran.com\/index.php?rest_route=%2Fwp%2Fv2%2Fmedia&parent=2565"}],"wp:term":[{"taxonomy":"category","embeddable":true,"href":"https:\/\/levangilealecran.com\/index.php?rest_route=%2Fwp%2Fv2%2Fcategories&post=2565"},{"taxonomy":"post_tag","embeddable":true,"href":"https:\/\/levangilealecran.com\/index.php?rest_route=%2Fwp%2Fv2%2Ftags&post=2565"}],"curies":[{"name":"wp","href":"https:\/\/api.w.org\/{rel}","templated":true}]}}