{"id":2561,"date":"2022-05-27T08:00:00","date_gmt":"2022-05-27T06:00:00","guid":{"rendered":"https:\/\/levangilealecran.com\/?p=2561"},"modified":"2022-05-19T15:40:49","modified_gmt":"2022-05-19T13:40:49","slug":"7e-dimanche-de-paques-c-29-mai-2022","status":"publish","type":"post","link":"https:\/\/levangilealecran.com\/?p=2561","title":{"rendered":"7e dimanche de P\u00e2ques &#8211; C &#8211; 29 mai 2022"},"content":{"rendered":"\n<blockquote class=\"wp-block-quote is-layout-flow wp-block-quote-is-layout-flow\"><p>\u00ab\u00a0Que tous soient un&#8230; pour que le monde croie. \u00bb<\/p><cite>Jean 17,21<\/cite><\/blockquote>\n\n\n\n<figure class=\"wp-block-image size-full\"><a href=\"https:\/\/levangilealecran.com\/wp-content\/uploads\/2022\/05\/ImageEvEcr2022_5_29.jpg\"><img loading=\"lazy\" decoding=\"async\" width=\"600\" height=\"600\" src=\"https:\/\/levangilealecran.com\/wp-content\/uploads\/2022\/05\/ImageEvEcr2022_5_29.jpg\" alt=\"\" class=\"wp-image-2562\" srcset=\"https:\/\/levangilealecran.com\/wp-content\/uploads\/2022\/05\/ImageEvEcr2022_5_29.jpg 600w, https:\/\/levangilealecran.com\/wp-content\/uploads\/2022\/05\/ImageEvEcr2022_5_29-300x300.jpg 300w, https:\/\/levangilealecran.com\/wp-content\/uploads\/2022\/05\/ImageEvEcr2022_5_29-150x150.jpg 150w\" sizes=\"auto, (max-width: 600px) 100vw, 600px\" \/><\/a><\/figure>\n\n\n\n<p class=\"wp-block-paragraph\"><strong>&gt; Devant les divisions du monde, et du monde chr\u00e9tien en particulier, la pri\u00e8re de J\u00e9sus r\u00e9sonne avec force. Que faisons-nous&nbsp;<em>aujourd\u2019hui<\/em>&nbsp;pour l\u2019unit\u00e9&nbsp;?&nbsp;<\/strong><\/p>\n\n\n\n<p class=\"wp-block-paragraph\"><strong>&gt; L\u2019unit\u00e9 des chr\u00e9tiens n\u2019est pas un but, c\u2019est un chemin sur lequel nous avan\u00e7ons ensemble. C\u2019est un chemin de reconnaissance, dans les deux sens du terme&nbsp;: \u00e0 la fois reconna\u00eetre d\u00e9j\u00e0 simplement que ce sont nos fr\u00e8res et s\u0153urs, et \u00e0 la fois gratitude pour les hommes et les femmes d\u2019autres confessions. C\u2019est un chemin de communion aussi, en exp\u00e9rimentant la pr\u00e9sence de Dieu ensemble, en le c\u00e9l\u00e9brant, en le priant ensemble. C\u2019est un chemin de t\u00e9moignage enfin&nbsp;: \u00ab&nbsp;<em>pour que le monde croie que tu m\u2019as envoy\u00e9&nbsp;<\/em>\u00bb, prie J\u00e9sus<em>.<\/em>&nbsp;Comme un vitrail, c\u2019est laisser rayonner Sa lumi\u00e8re et Son amour \u00e0 travers nos couleurs\u2026 pour le monde&nbsp;!<\/strong><\/p>\n\n\n\n<p class=\"wp-block-paragraph\"><strong>&gt; \u00catre des t\u00e9moins d\u2019unit\u00e9 dans un monde divis\u00e9, en laissant rayonner \u00e0 travers nous l\u2019amour de Dieu pour nous et pour le monde, voil\u00e0 un chemin pour nous pour cette semaine. Par la reconnaissance, par la communion, par le t\u00e9moignage. Et dans la pri\u00e8re. Pour que le monde croie&nbsp;!<\/strong><\/p>\n","protected":false},"excerpt":{"rendered":"<p>\u00ab\u00a0Que tous soient un&#8230; pour que le monde croie. \u00bb Jean 17,21 &gt; Devant les divisions du monde, et du monde chr\u00e9tien en particulier, la pri\u00e8re de J\u00e9sus r\u00e9sonne avec force. Que faisons-nous&nbsp;aujourd\u2019hui&nbsp;pour l\u2019unit\u00e9&nbsp;?&nbsp; &gt; L\u2019unit\u00e9 des chr\u00e9tiens n\u2019est pas un but, c\u2019est un chemin sur lequel nous avan\u00e7ons ensemble. C\u2019est un chemin de reconnaissance, dans les deux sens du terme&nbsp;: \u00e0 la fois reconna\u00eetre d\u00e9j\u00e0 simplement que ce sont nos fr\u00e8res et s\u0153urs, et \u00e0 la fois gratitude pour les hommes et les femmes d\u2019autres confessions. C\u2019est un chemin de communion aussi, en exp\u00e9rimentant la pr\u00e9sence de Dieu ensemble, en le c\u00e9l\u00e9brant, en le priant ensemble. C\u2019est un chemin \u2026 <a class=\"continue-reading-link\" href=\"https:\/\/levangilealecran.com\/?p=2561\"> Continue reading <span class=\"meta-nav\">&rarr; <\/span><\/a><\/p>\n","protected":false},"author":2006,"featured_media":0,"comment_status":"open","ping_status":"open","sticky":false,"template":"","format":"standard","meta":{"footnotes":""},"categories":[4,5,74],"tags":[178,31,218,238,32],"class_list":["post-2561","post","type-post","status-publish","format-standard","hentry","category-dimanche","category-jean","category-temps-pascal","tag-communion","tag-priere","tag-reconnaissance","tag-temoignage","tag-unite"],"_links":{"self":[{"href":"https:\/\/levangilealecran.com\/index.php?rest_route=\/wp\/v2\/posts\/2561","targetHints":{"allow":["GET"]}}],"collection":[{"href":"https:\/\/levangilealecran.com\/index.php?rest_route=\/wp\/v2\/posts"}],"about":[{"href":"https:\/\/levangilealecran.com\/index.php?rest_route=\/wp\/v2\/types\/post"}],"author":[{"embeddable":true,"href":"https:\/\/levangilealecran.com\/index.php?rest_route=\/wp\/v2\/users\/2006"}],"replies":[{"embeddable":true,"href":"https:\/\/levangilealecran.com\/index.php?rest_route=%2Fwp%2Fv2%2Fcomments&post=2561"}],"version-history":[{"count":1,"href":"https:\/\/levangilealecran.com\/index.php?rest_route=\/wp\/v2\/posts\/2561\/revisions"}],"predecessor-version":[{"id":2563,"href":"https:\/\/levangilealecran.com\/index.php?rest_route=\/wp\/v2\/posts\/2561\/revisions\/2563"}],"wp:attachment":[{"href":"https:\/\/levangilealecran.com\/index.php?rest_route=%2Fwp%2Fv2%2Fmedia&parent=2561"}],"wp:term":[{"taxonomy":"category","embeddable":true,"href":"https:\/\/levangilealecran.com\/index.php?rest_route=%2Fwp%2Fv2%2Fcategories&post=2561"},{"taxonomy":"post_tag","embeddable":true,"href":"https:\/\/levangilealecran.com\/index.php?rest_route=%2Fwp%2Fv2%2Ftags&post=2561"}],"curies":[{"name":"wp","href":"https:\/\/api.w.org\/{rel}","templated":true}]}}