{"id":2555,"date":"2022-05-13T08:00:00","date_gmt":"2022-05-13T06:00:00","guid":{"rendered":"https:\/\/levangilealecran.com\/?p=2555"},"modified":"2022-05-12T08:41:58","modified_gmt":"2022-05-12T06:41:58","slug":"5e-dimanche-de-paques-c-15-mai-2022","status":"publish","type":"post","link":"https:\/\/levangilealecran.com\/?p=2555","title":{"rendered":"5e dimanche de P\u00e2ques \u2013 C \u2013 15 mai 2022"},"content":{"rendered":"\n<blockquote class=\"wp-block-quote is-layout-flow wp-block-quote-is-layout-flow\"><p>\u00ab\u00a0Vous ne pouvez venir o\u00f9 je vais, je vous le dis aussi maintenant.\u00a0\u00bb<\/p><cite>Jean 13,33<\/cite><\/blockquote>\n\n\n\n<figure class=\"wp-block-image size-full\"><a href=\"https:\/\/levangilealecran.com\/wp-content\/uploads\/2022\/05\/FB_IMG_1652301217023.jpg\"><img loading=\"lazy\" decoding=\"async\" width=\"960\" height=\"960\" src=\"https:\/\/levangilealecran.com\/wp-content\/uploads\/2022\/05\/FB_IMG_1652301217023.jpg\" alt=\"\" class=\"wp-image-2556\" srcset=\"https:\/\/levangilealecran.com\/wp-content\/uploads\/2022\/05\/FB_IMG_1652301217023.jpg 960w, https:\/\/levangilealecran.com\/wp-content\/uploads\/2022\/05\/FB_IMG_1652301217023-300x300.jpg 300w, https:\/\/levangilealecran.com\/wp-content\/uploads\/2022\/05\/FB_IMG_1652301217023-150x150.jpg 150w, https:\/\/levangilealecran.com\/wp-content\/uploads\/2022\/05\/FB_IMG_1652301217023-768x768.jpg 768w\" sizes=\"auto, (max-width: 960px) 100vw, 960px\" \/><\/a><\/figure>\n\n\n\n<p class=\"wp-block-paragraph\"><strong>&gt; On r\u00e9trop\u00e9dale: nous revoila liturgiquement dans les discours d&rsquo;adieux avant la Passion. Et J\u00e9sus de souligner dans le m\u00eame passage le poison \u00e0 venir de son absence et l&rsquo;antidote!<\/strong><\/p>\n\n\n\n<p class=\"wp-block-paragraph\"><strong>&gt; L\u00e0 o\u00f9 je vais vous ne pouvez venir: donc oui, nous allons \u00eatre s\u00e9par\u00e9s, mais c&rsquo;est l&rsquo;amour entre vous qui me fera \u00eatre pr\u00e9sent. Vous ne ferez pas l&rsquo;\u00e9conomie de mon deuil&#8230;. mais par le vecteur de l&rsquo;amour, je serai partout o\u00f9 l&rsquo;on s&rsquo;aime et ce sera un t\u00e9moignage pour le monde !<\/strong><\/p>\n\n\n\n<p class=\"wp-block-paragraph\"><strong>> Cette semaine je choisis un \u00e9v\u00e8nement que j&rsquo;ai tent\u00e9 de teinter d&rsquo;amour fraternel et je rends gr\u00e2ce pour celui-ci! Et j&rsquo;en discerne un autre o\u00f9 l&rsquo;amour a manqu\u00e9, a \u00e9t\u00e9 \u00e9touff\u00e9 par la peur, l&rsquo;\u00e9go\u00efsme ou l&rsquo;indiff\u00e9rence et je demande pardon. Humblement.<\/strong><\/p>\n","protected":false},"excerpt":{"rendered":"<p>\u00ab\u00a0Vous ne pouvez venir o\u00f9 je vais, je vous le dis aussi maintenant.\u00a0\u00bb Jean 13,33 &gt; On r\u00e9trop\u00e9dale: nous revoila liturgiquement dans les discours d&rsquo;adieux avant la Passion. Et J\u00e9sus de souligner dans le m\u00eame passage le poison \u00e0 venir de son absence et l&rsquo;antidote! &gt; L\u00e0 o\u00f9 je vais vous ne pouvez venir: donc oui, nous allons \u00eatre s\u00e9par\u00e9s, mais c&rsquo;est l&rsquo;amour entre vous qui me fera \u00eatre pr\u00e9sent. Vous ne ferez pas l&rsquo;\u00e9conomie de mon deuil&#8230;. mais par le vecteur de l&rsquo;amour, je serai partout o\u00f9 l&rsquo;on s&rsquo;aime et ce sera un t\u00e9moignage pour le monde ! > Cette semaine je choisis un \u00e9v\u00e8nement que j&rsquo;ai tent\u00e9 de \u2026 <a class=\"continue-reading-link\" href=\"https:\/\/levangilealecran.com\/?p=2555\"> Continue reading <span class=\"meta-nav\">&rarr; <\/span><\/a><\/p>\n","protected":false},"author":2006,"featured_media":0,"comment_status":"open","ping_status":"open","sticky":false,"template":"","format":"standard","meta":{"footnotes":""},"categories":[4,5,74],"tags":[16,93,199,899,238],"class_list":["post-2555","post","type-post","status-publish","format-standard","hentry","category-dimanche","category-jean","category-temps-pascal","tag-amour","tag-deuil","tag-pardon","tag-separation","tag-temoignage"],"_links":{"self":[{"href":"https:\/\/levangilealecran.com\/index.php?rest_route=\/wp\/v2\/posts\/2555","targetHints":{"allow":["GET"]}}],"collection":[{"href":"https:\/\/levangilealecran.com\/index.php?rest_route=\/wp\/v2\/posts"}],"about":[{"href":"https:\/\/levangilealecran.com\/index.php?rest_route=\/wp\/v2\/types\/post"}],"author":[{"embeddable":true,"href":"https:\/\/levangilealecran.com\/index.php?rest_route=\/wp\/v2\/users\/2006"}],"replies":[{"embeddable":true,"href":"https:\/\/levangilealecran.com\/index.php?rest_route=%2Fwp%2Fv2%2Fcomments&post=2555"}],"version-history":[{"count":2,"href":"https:\/\/levangilealecran.com\/index.php?rest_route=\/wp\/v2\/posts\/2555\/revisions"}],"predecessor-version":[{"id":2558,"href":"https:\/\/levangilealecran.com\/index.php?rest_route=\/wp\/v2\/posts\/2555\/revisions\/2558"}],"wp:attachment":[{"href":"https:\/\/levangilealecran.com\/index.php?rest_route=%2Fwp%2Fv2%2Fmedia&parent=2555"}],"wp:term":[{"taxonomy":"category","embeddable":true,"href":"https:\/\/levangilealecran.com\/index.php?rest_route=%2Fwp%2Fv2%2Fcategories&post=2555"},{"taxonomy":"post_tag","embeddable":true,"href":"https:\/\/levangilealecran.com\/index.php?rest_route=%2Fwp%2Fv2%2Ftags&post=2555"}],"curies":[{"name":"wp","href":"https:\/\/api.w.org\/{rel}","templated":true}]}}