{"id":2551,"date":"2022-05-06T08:00:00","date_gmt":"2022-05-06T06:00:00","guid":{"rendered":"https:\/\/levangilealecran.com\/?p=2551"},"modified":"2022-05-05T09:23:36","modified_gmt":"2022-05-05T07:23:36","slug":"4e-dimanche-de-paques-c-8-mai-2022","status":"publish","type":"post","link":"https:\/\/levangilealecran.com\/?p=2551","title":{"rendered":"4e Dimanche de P\u00e2ques \u2013 C \u2013 8 mai 2022"},"content":{"rendered":"\n<blockquote class=\"wp-block-quote is-layout-flow wp-block-quote-is-layout-flow\"><p><em><em>\u00a0\u00ab\u00a0Mes brebis \u00e9coutent ma voix\u00a0; moi, je les connais, et elles me suivent.\u00a0\u00bb <\/em><\/em><\/p><cite><em><em>Jean 10,27<\/em><\/em><\/cite><\/blockquote>\n\n\n\n<figure class=\"wp-block-image size-full\"><a href=\"https:\/\/levangilealecran.com\/wp-content\/uploads\/2022\/05\/001jpg.jpg\"><img loading=\"lazy\" decoding=\"async\" width=\"432\" height=\"327\" src=\"https:\/\/levangilealecran.com\/wp-content\/uploads\/2022\/05\/001jpg.jpg\" alt=\"\" class=\"wp-image-2553\" srcset=\"https:\/\/levangilealecran.com\/wp-content\/uploads\/2022\/05\/001jpg.jpg 432w, https:\/\/levangilealecran.com\/wp-content\/uploads\/2022\/05\/001jpg-300x227.jpg 300w, https:\/\/levangilealecran.com\/wp-content\/uploads\/2022\/05\/001jpg-150x114.jpg 150w, https:\/\/levangilealecran.com\/wp-content\/uploads\/2022\/05\/001jpg-198x150.jpg 198w\" sizes=\"auto, (max-width: 432px) 100vw, 432px\" \/><\/a><\/figure>\n\n\n\n<p class=\"wp-block-paragraph\"><strong>> N\u2019est-ce pas l\u00e0 une des attitudes caract\u00e9ristiques pour le croyant, le disciple de tous les temps\u00a0?<\/strong><\/p>\n\n\n\n<p class=\"wp-block-paragraph\"><strong>> <em>Ecouter<\/em>. A notre \u00e9poque o\u00f9 tant de voix divergentes voltigent autour de nos oreilles, savoir discerner celle de J\u00e9sus rel\u00e8ve d\u2019un choix d\u00e9lib\u00e9r\u00e9. Pour ce faire, il nous faut chercher le lieu et le moment o\u00f9 un peu de silence est possible. Et l\u00e0, nous faire \u201cr\u00e9cipient\u201c &#8211; et ouvrir le Livre.<\/strong><\/p>\n\n\n\n<p class=\"wp-block-paragraph\"><strong>> Un livre pas comme les autres. Normalement, en lisant un roman, l\u2019auteur de l\u2019ouvrage ne me conna\u00eet pas, ne sait pas que je suis en train de le lire. Comment pourrait-il\u00a0? Par contre, \u00f4 merveille\u00a0! \u2013 quand je lis ou j\u2019entends les \u201cParoles du Livre\u201c, celui qui est \u00e0 leur origine me conna\u00eet, il est pr\u00e9sent \u00e0 ma lecture, \u00e0 mon \u00e9coute. Science-fiction\u00a0? Obscurantisme d\u2019avant \u201cles Lumi\u00e8res\u201c\u00a0? Bien s\u00fbr que non, il y a ici bien plus grand\u00a0: Myst\u00e8re d\u2019un Dieu en relation personnelle avec chaque \u00eatre qui existe\u00a0; Bon Pasteur pour qui nous ne sommes pas un troupeau, mais des brebis appel\u00e9es chacune par son nom. Comment ne pas le suivre\u00a0?<\/strong><\/p>\n","protected":false},"excerpt":{"rendered":"<p>\u00a0\u00ab\u00a0Mes brebis \u00e9coutent ma voix\u00a0; moi, je les connais, et elles me suivent.\u00a0\u00bb Jean 10,27 > N\u2019est-ce pas l\u00e0 une des attitudes caract\u00e9ristiques pour le croyant, le disciple de tous les temps\u00a0? > Ecouter. A notre \u00e9poque o\u00f9 tant de voix divergentes voltigent autour de nos oreilles, savoir discerner celle de J\u00e9sus rel\u00e8ve d\u2019un choix d\u00e9lib\u00e9r\u00e9. Pour ce faire, il nous faut chercher le lieu et le moment o\u00f9 un peu de silence est possible. Et l\u00e0, nous faire \u201cr\u00e9cipient\u201c &#8211; et ouvrir le Livre. > Un livre pas comme les autres. Normalement, en lisant un roman, l\u2019auteur de l\u2019ouvrage ne me conna\u00eet pas, ne sait pas que je suis \u2026 <a class=\"continue-reading-link\" href=\"https:\/\/levangilealecran.com\/?p=2551\"> Continue reading <span class=\"meta-nav\">&rarr; <\/span><\/a><\/p>\n","protected":false},"author":2006,"featured_media":0,"comment_status":"open","ping_status":"open","sticky":false,"template":"","format":"standard","meta":{"footnotes":""},"categories":[4,5,74],"tags":[637,862,898,19,897],"class_list":["post-2551","post","type-post","status-publish","format-standard","hentry","category-dimanche","category-jean","category-temps-pascal","tag-abondance","tag-ecouter-2","tag-livre","tag-paix","tag-securite"],"_links":{"self":[{"href":"https:\/\/levangilealecran.com\/index.php?rest_route=\/wp\/v2\/posts\/2551","targetHints":{"allow":["GET"]}}],"collection":[{"href":"https:\/\/levangilealecran.com\/index.php?rest_route=\/wp\/v2\/posts"}],"about":[{"href":"https:\/\/levangilealecran.com\/index.php?rest_route=\/wp\/v2\/types\/post"}],"author":[{"embeddable":true,"href":"https:\/\/levangilealecran.com\/index.php?rest_route=\/wp\/v2\/users\/2006"}],"replies":[{"embeddable":true,"href":"https:\/\/levangilealecran.com\/index.php?rest_route=%2Fwp%2Fv2%2Fcomments&post=2551"}],"version-history":[{"count":1,"href":"https:\/\/levangilealecran.com\/index.php?rest_route=\/wp\/v2\/posts\/2551\/revisions"}],"predecessor-version":[{"id":2554,"href":"https:\/\/levangilealecran.com\/index.php?rest_route=\/wp\/v2\/posts\/2551\/revisions\/2554"}],"wp:attachment":[{"href":"https:\/\/levangilealecran.com\/index.php?rest_route=%2Fwp%2Fv2%2Fmedia&parent=2551"}],"wp:term":[{"taxonomy":"category","embeddable":true,"href":"https:\/\/levangilealecran.com\/index.php?rest_route=%2Fwp%2Fv2%2Fcategories&post=2551"},{"taxonomy":"post_tag","embeddable":true,"href":"https:\/\/levangilealecran.com\/index.php?rest_route=%2Fwp%2Fv2%2Ftags&post=2551"}],"curies":[{"name":"wp","href":"https:\/\/api.w.org\/{rel}","templated":true}]}}