{"id":2543,"date":"2022-04-22T08:00:00","date_gmt":"2022-04-22T06:00:00","guid":{"rendered":"https:\/\/levangilealecran.com\/?p=2543"},"modified":"2022-04-21T14:07:23","modified_gmt":"2022-04-21T12:07:23","slug":"2e-dimanche-de-paques-c-24-avril-2022","status":"publish","type":"post","link":"https:\/\/levangilealecran.com\/?p=2543","title":{"rendered":"2e dimanche de P\u00e2ques &#8211; C &#8211; 24 avril 2022"},"content":{"rendered":"\n<blockquote class=\"wp-block-quote is-layout-flow wp-block-quote-is-layout-flow\"><p><em>\u00ab\u00a0J\u00e9sus vint, les portes \u00e9tant ferm\u00e9es,<\/em> <br><em>se pr\u00e9senta au milieu d\u2019eux, et dit : <\/em><br><em>La paix soit avec vous.\u00a0\u00bb\u00a0\u00a0<\/em><\/p><cite><em>(<\/em>Jean 20, 26)<\/cite><\/blockquote>\n\n\n\n<figure class=\"wp-block-image size-large\"><a href=\"https:\/\/levangilealecran.com\/wp-content\/uploads\/2022\/04\/door-1587863-scaled.jpg\"><img loading=\"lazy\" decoding=\"async\" width=\"1024\" height=\"408\" src=\"https:\/\/levangilealecran.com\/wp-content\/uploads\/2022\/04\/door-1587863-1024x408.jpg\" alt=\"\" class=\"wp-image-2545\" srcset=\"https:\/\/levangilealecran.com\/wp-content\/uploads\/2022\/04\/door-1587863-1024x408.jpg 1024w, https:\/\/levangilealecran.com\/wp-content\/uploads\/2022\/04\/door-1587863-300x120.jpg 300w, https:\/\/levangilealecran.com\/wp-content\/uploads\/2022\/04\/door-1587863-768x306.jpg 768w, https:\/\/levangilealecran.com\/wp-content\/uploads\/2022\/04\/door-1587863-1536x612.jpg 1536w, https:\/\/levangilealecran.com\/wp-content\/uploads\/2022\/04\/door-1587863-2048x816.jpg 2048w, https:\/\/levangilealecran.com\/wp-content\/uploads\/2022\/04\/door-1587863-150x60.jpg 150w, https:\/\/levangilealecran.com\/wp-content\/uploads\/2022\/04\/door-1587863-250x100.jpg 250w, https:\/\/levangilealecran.com\/wp-content\/uploads\/2022\/04\/door-1587863-1320x526.jpg 1320w\" sizes=\"auto, (max-width: 1024px) 100vw, 1024px\" \/><\/a><\/figure>\n\n\n\n<p class=\"wp-block-paragraph\"><strong><u>Ph\u00e9nom\u00e8ne encore<\/u><\/strong><\/p>\n\n\n\n<p class=\"wp-block-paragraph\"><strong>> Ce passage nous pr\u00e9sente Thomas dans son rapport de foi en J\u00e9sus. Bien connu, il est largement comment\u00e9.\u00a0\u00a0Un d\u00e9tail nous \u00e9chappe souvent\u00a0: l\u2019\u00e9vang\u00e9liste pr\u00e9cise que, chaque fois que J\u00e9sus visite ses disciples, les portes du lieu o\u00f9 ils se trouvent sont ferm\u00e9es. Le verbe grec utilis\u00e9 sugg\u00e8re que les portes sont ferm\u00e9es avec des barres, des verrous ou une cl\u00e9. Il ne suffisait donc pas de pousser la porte pour entrer. Pourtant J\u00e9sus est l\u00e0. Il se pr\u00e9sente devant eux. Comment J\u00e9sus a-t-il pu entrer\u00a0? Quel ph\u00e9nom\u00e8ne \u00e9trange, voire inqui\u00e9tant ! J\u00e9sus ressuscit\u00e9 ne serait donc pas soumis \u00e0 la mat\u00e9rialit\u00e9. C\u2019est une \u00e9vidence. Une \u00e9vidence qui rompt toute compr\u00e9hension de la physique du monde. Les disciples \u00e9taient dans la crainte, celle de leurs propres fr\u00e8res juifs, l\u2019apparition soudaine de J\u00e9sus avait de quoi les faire sursauter de peur, ou de joie (v.\u00a020).\u00a0<\/strong><\/p>\n\n\n\n<p class=\"wp-block-paragraph\"><strong>> Nous qui prions pour que le Seigneur se manifeste \u00e0 nous dans nos circonstances, ne doutons nullement qu\u2019Il le fasse. Quel que soit la mani\u00e8re dont Il le fera, la premi\u00e8re parole qu\u2019Il nous adressera sera, comme \u00e0 ses disciples\u00a0:\u00a0<em>La paix soit avec vous\u00a0!<\/em><\/strong><\/p>\n","protected":false},"excerpt":{"rendered":"<p>\u00ab\u00a0J\u00e9sus vint, les portes \u00e9tant ferm\u00e9es, se pr\u00e9senta au milieu d\u2019eux, et dit : La paix soit avec vous.\u00a0\u00bb\u00a0\u00a0 (Jean 20, 26) Ph\u00e9nom\u00e8ne encore > Ce passage nous pr\u00e9sente Thomas dans son rapport de foi en J\u00e9sus. Bien connu, il est largement comment\u00e9.\u00a0\u00a0Un d\u00e9tail nous \u00e9chappe souvent\u00a0: l\u2019\u00e9vang\u00e9liste pr\u00e9cise que, chaque fois que J\u00e9sus visite ses disciples, les portes du lieu o\u00f9 ils se trouvent sont ferm\u00e9es. Le verbe grec utilis\u00e9 sugg\u00e8re que les portes sont ferm\u00e9es avec des barres, des verrous ou une cl\u00e9. Il ne suffisait donc pas de pousser la porte pour entrer. Pourtant J\u00e9sus est l\u00e0. Il se pr\u00e9sente devant eux. Comment J\u00e9sus a-t-il pu entrer\u00a0? \u2026 <a class=\"continue-reading-link\" href=\"https:\/\/levangilealecran.com\/?p=2543\"> Continue reading <span class=\"meta-nav\">&rarr; <\/span><\/a><\/p>\n","protected":false},"author":2006,"featured_media":0,"comment_status":"open","ping_status":"open","sticky":false,"template":"","format":"standard","meta":{"footnotes":""},"categories":[4,5,73],"tags":[728,76,75,19,514],"class_list":["post-2543","post","type-post","status-publish","format-standard","hentry","category-dimanche","category-jean","category-paques","tag-crainte","tag-foi","tag-joie","tag-paix","tag-ressuscite"],"_links":{"self":[{"href":"https:\/\/levangilealecran.com\/index.php?rest_route=\/wp\/v2\/posts\/2543","targetHints":{"allow":["GET"]}}],"collection":[{"href":"https:\/\/levangilealecran.com\/index.php?rest_route=\/wp\/v2\/posts"}],"about":[{"href":"https:\/\/levangilealecran.com\/index.php?rest_route=\/wp\/v2\/types\/post"}],"author":[{"embeddable":true,"href":"https:\/\/levangilealecran.com\/index.php?rest_route=\/wp\/v2\/users\/2006"}],"replies":[{"embeddable":true,"href":"https:\/\/levangilealecran.com\/index.php?rest_route=%2Fwp%2Fv2%2Fcomments&post=2543"}],"version-history":[{"count":2,"href":"https:\/\/levangilealecran.com\/index.php?rest_route=\/wp\/v2\/posts\/2543\/revisions"}],"predecessor-version":[{"id":2546,"href":"https:\/\/levangilealecran.com\/index.php?rest_route=\/wp\/v2\/posts\/2543\/revisions\/2546"}],"wp:attachment":[{"href":"https:\/\/levangilealecran.com\/index.php?rest_route=%2Fwp%2Fv2%2Fmedia&parent=2543"}],"wp:term":[{"taxonomy":"category","embeddable":true,"href":"https:\/\/levangilealecran.com\/index.php?rest_route=%2Fwp%2Fv2%2Fcategories&post=2543"},{"taxonomy":"post_tag","embeddable":true,"href":"https:\/\/levangilealecran.com\/index.php?rest_route=%2Fwp%2Fv2%2Ftags&post=2543"}],"curies":[{"name":"wp","href":"https:\/\/api.w.org\/{rel}","templated":true}]}}