{"id":2538,"date":"2022-04-16T08:00:00","date_gmt":"2022-04-16T06:00:00","guid":{"rendered":"https:\/\/levangilealecran.com\/?p=2538"},"modified":"2022-04-12T21:38:37","modified_gmt":"2022-04-12T19:38:37","slug":"dimanche-de-paques-c-17-avril-2022","status":"publish","type":"post","link":"https:\/\/levangilealecran.com\/?p=2538","title":{"rendered":"Dimanche de P\u00e2ques &#8211; C &#8211; 17 avril 2022"},"content":{"rendered":"\n<blockquote class=\"wp-block-quote is-layout-flow wp-block-quote-is-layout-flow\"><p>\u00ab\u00a0Il vit et il crut.\u00a0\u00bb<\/p><cite>Jean 20, 8b<\/cite><\/blockquote>\n\n\n\n<figure class=\"wp-block-image size-full\"><a href=\"https:\/\/levangilealecran.com\/wp-content\/uploads\/2022\/04\/ImageEvEcr2022_4_17.jpg\"><img loading=\"lazy\" decoding=\"async\" width=\"600\" height=\"600\" src=\"https:\/\/levangilealecran.com\/wp-content\/uploads\/2022\/04\/ImageEvEcr2022_4_17.jpg\" alt=\"\" class=\"wp-image-2539\" srcset=\"https:\/\/levangilealecran.com\/wp-content\/uploads\/2022\/04\/ImageEvEcr2022_4_17.jpg 600w, https:\/\/levangilealecran.com\/wp-content\/uploads\/2022\/04\/ImageEvEcr2022_4_17-300x300.jpg 300w, https:\/\/levangilealecran.com\/wp-content\/uploads\/2022\/04\/ImageEvEcr2022_4_17-150x150.jpg 150w\" sizes=\"auto, (max-width: 600px) 100vw, 600px\" \/><\/a><\/figure>\n\n\n\n<p class=\"wp-block-paragraph\"><strong>&gt; Dans ce r\u00e9cit, Marie de Magdala est la premi\u00e8re \u00e0 voir. Elle voit la pierre roul\u00e9e de l\u2019entr\u00e9e du tombeau. Elle voit, mais ne comprend pas.<\/strong><\/p>\n\n\n\n<p class=\"wp-block-paragraph\"><strong>&gt; Quant \u00e0 Simon Pierre, il n\u2019h\u00e9site pas \u00e0 entrer pour voir ce qu\u2019il y a \u00e0 l\u2019int\u00e9rieur du tombeau. Il voit le tombeau vide, il voit les bandelettes, il voit le linge qui \u00e9tait sur la t\u00eate de J\u00e9sus. Il voit, mais ne comprend pas.<\/strong><\/p>\n\n\n\n<p class=\"wp-block-paragraph\"><strong>&gt; Le disciple bien-aim\u00e9, lui, est rest\u00e9 dehors, et il a pris le temps d\u2019observer. Pas juste de \u00ab&nbsp;voir&nbsp;\u00bb, ou d\u2019&nbsp;\u00ab&nbsp;apercevoir&nbsp;\u00bb, mais il regarde avec attention. Il m\u00e9dite, cherchant \u00e0 int\u00e9grer ce qu\u2019il a devant les yeux. Lui aussi il voit, mais en interpr\u00e8te privil\u00e9gi\u00e9 du Christ, il comprend les signes&nbsp;: la pierre roul\u00e9e, ces bandelettes et le linge ainsi abandonn\u00e9es, ce tombeau vide, tout cela signifie que le Crucifi\u00e9 a vaincu la mort, et qu\u2019Il est vivant&nbsp;! Son \u00ab&nbsp;voir&nbsp;\u00bb suscite la foi.<\/strong><\/p>\n\n\n\n<p class=\"wp-block-paragraph\"><strong>&gt; Parfois nous aussi, nous voyons mais nous ne comprenons pas. Parfois nous aussi nous voyons mais nous n\u2019y croyons pas. Pour toutes ces fois-l\u00e0, l\u2019Evangile, cette Bonne Nouvelle, nous invite \u00e0 nous rappeler que la pierre a \u00e9t\u00e9 roul\u00e9e et qu\u2019en Christ, la Vie est plus forte que la mort. Que, m\u00eame quand nous croyons que \u00ab&nbsp;c\u2019est mort&nbsp;\u00bb, tout peut recommencer, continuer, se relever, ressusciter. Prenons donc le temps de \u00ab&nbsp;voir&nbsp;\u00bb, et la gr\u00e2ce nous sera peut-\u00eatre donn\u00e9e de \u00ab&nbsp;croire&nbsp;\u00bb.&nbsp;<\/strong><\/p>\n\n\n\n<p class=\"wp-block-paragraph\"><strong>Christ est ressuscit\u00e9\u00a0!\u00a0<\/strong><\/p>\n\n\n\n<p class=\"wp-block-paragraph\"><strong>Il est vraiment ressuscit\u00e9&nbsp;!&nbsp;<\/strong><\/p>\n\n\n\n<p class=\"wp-block-paragraph\"><strong>All\u00e9luia&nbsp;!<\/strong><\/p>\n\n\n\n<p class=\"wp-block-paragraph\"><strong>JOYEUSES P\u00c2QUES A TOUS<\/strong><\/p>\n","protected":false},"excerpt":{"rendered":"<p>\u00ab\u00a0Il vit et il crut.\u00a0\u00bb Jean 20, 8b &gt; Dans ce r\u00e9cit, Marie de Magdala est la premi\u00e8re \u00e0 voir. Elle voit la pierre roul\u00e9e de l\u2019entr\u00e9e du tombeau. Elle voit, mais ne comprend pas. &gt; Quant \u00e0 Simon Pierre, il n\u2019h\u00e9site pas \u00e0 entrer pour voir ce qu\u2019il y a \u00e0 l\u2019int\u00e9rieur du tombeau. Il voit le tombeau vide, il voit les bandelettes, il voit le linge qui \u00e9tait sur la t\u00eate de J\u00e9sus. Il voit, mais ne comprend pas. &gt; Le disciple bien-aim\u00e9, lui, est rest\u00e9 dehors, et il a pris le temps d\u2019observer. Pas juste de \u00ab&nbsp;voir&nbsp;\u00bb, ou d\u2019&nbsp;\u00ab&nbsp;apercevoir&nbsp;\u00bb, mais il regarde avec attention. Il m\u00e9dite, cherchant \u2026 <a class=\"continue-reading-link\" href=\"https:\/\/levangilealecran.com\/?p=2538\"> Continue reading <span class=\"meta-nav\">&rarr; <\/span><\/a><\/p>\n","protected":false},"author":2006,"featured_media":0,"comment_status":"open","ping_status":"open","sticky":false,"template":"","format":"standard","meta":{"footnotes":""},"categories":[4,24,5,73,254],"tags":[337,80,235,891,52,230],"class_list":["post-2538","post","type-post","status-publish","format-standard","hentry","category-dimanche","category-fetes","category-jean","category-paques","category-semaine-sainte","tag-croire","tag-evangile","tag-mort","tag-tombeau-vide-2","tag-vie","tag-voir"],"_links":{"self":[{"href":"https:\/\/levangilealecran.com\/index.php?rest_route=\/wp\/v2\/posts\/2538","targetHints":{"allow":["GET"]}}],"collection":[{"href":"https:\/\/levangilealecran.com\/index.php?rest_route=\/wp\/v2\/posts"}],"about":[{"href":"https:\/\/levangilealecran.com\/index.php?rest_route=\/wp\/v2\/types\/post"}],"author":[{"embeddable":true,"href":"https:\/\/levangilealecran.com\/index.php?rest_route=\/wp\/v2\/users\/2006"}],"replies":[{"embeddable":true,"href":"https:\/\/levangilealecran.com\/index.php?rest_route=%2Fwp%2Fv2%2Fcomments&post=2538"}],"version-history":[{"count":1,"href":"https:\/\/levangilealecran.com\/index.php?rest_route=\/wp\/v2\/posts\/2538\/revisions"}],"predecessor-version":[{"id":2540,"href":"https:\/\/levangilealecran.com\/index.php?rest_route=\/wp\/v2\/posts\/2538\/revisions\/2540"}],"wp:attachment":[{"href":"https:\/\/levangilealecran.com\/index.php?rest_route=%2Fwp%2Fv2%2Fmedia&parent=2538"}],"wp:term":[{"taxonomy":"category","embeddable":true,"href":"https:\/\/levangilealecran.com\/index.php?rest_route=%2Fwp%2Fv2%2Fcategories&post=2538"},{"taxonomy":"post_tag","embeddable":true,"href":"https:\/\/levangilealecran.com\/index.php?rest_route=%2Fwp%2Fv2%2Ftags&post=2538"}],"curies":[{"name":"wp","href":"https:\/\/api.w.org\/{rel}","templated":true}]}}