{"id":2534,"date":"2022-04-15T08:00:00","date_gmt":"2022-04-15T06:00:00","guid":{"rendered":"https:\/\/levangilealecran.com\/?p=2534"},"modified":"2022-04-12T21:31:10","modified_gmt":"2022-04-12T19:31:10","slug":"vendredi-saint-c-15-avril-2022","status":"publish","type":"post","link":"https:\/\/levangilealecran.com\/?p=2534","title":{"rendered":"Vendredi Saint \u2013 C \u2013 15 avril 2022"},"content":{"rendered":"\n<blockquote class=\"wp-block-quote is-layout-flow wp-block-quote-is-layout-flow\"><p>\u00ab\u00a0J\u2019ai soif.\u00a0\u00bb<\/p><cite>Jean 19,28<\/cite><\/blockquote>\n\n\n\n<figure class=\"wp-block-image size-full\"><a href=\"https:\/\/levangilealecran.com\/wp-content\/uploads\/2022\/04\/ImageEvEcr2022_4_15.jpg\"><img loading=\"lazy\" decoding=\"async\" width=\"600\" height=\"600\" src=\"https:\/\/levangilealecran.com\/wp-content\/uploads\/2022\/04\/ImageEvEcr2022_4_15.jpg\" alt=\"\" class=\"wp-image-2535\" srcset=\"https:\/\/levangilealecran.com\/wp-content\/uploads\/2022\/04\/ImageEvEcr2022_4_15.jpg 600w, https:\/\/levangilealecran.com\/wp-content\/uploads\/2022\/04\/ImageEvEcr2022_4_15-300x300.jpg 300w, https:\/\/levangilealecran.com\/wp-content\/uploads\/2022\/04\/ImageEvEcr2022_4_15-150x150.jpg 150w\" sizes=\"auto, (max-width: 600px) 100vw, 600px\" \/><\/a><\/figure>\n\n\n\n<p class=\"wp-block-paragraph\"><strong>> Deux mots pour dire la souffrance extr\u00eame de la croix, la d\u00e9tresse du crucifi\u00e9. La soif est en effet une des tortures de la croix par laquelle J\u00e9sus doit passer pour que les \u00c9critures s\u2019accomplissent. La soif de la croix.<\/strong><\/p>\n\n\n\n<p class=\"wp-block-paragraph\"><strong>&gt; Deux mots pour dire aussi que l\u2019entier de l\u2019Evangile se construit dans le don. A chaque bout de son Evangile, Jean l\u2019\u00e9vang\u00e9liste pr\u00e9sente un J\u00e9sus qui demande \u00e0 boire. Au puits de Jacob d\u00e9j\u00e0, en plein midi, fatigu\u00e9 du chemin, il osait s\u2019adresser \u00e0 la Samaritaine&nbsp;en ces termes :&nbsp;<em>\u00ab&nbsp;Donne-moi \u00e0 boire.&nbsp;\u00bb<\/em>&nbsp;Car l\u2019Evangile est dans le don.&nbsp;<\/strong><\/p>\n\n\n\n<p class=\"wp-block-paragraph\"><strong>&gt; Et pour nous, comment r\u00e9sonne cette soif de la croix&nbsp;? Soif d\u2019amour, soif de paix, soif de justice, dans notre monde tourment\u00e9 par le mal. Soif du Dieu Vivant.&nbsp;<\/strong><\/p>\n\n\n\n<p class=\"wp-block-paragraph\"><strong>&gt; Et pour nous, comment r\u00e9sonne l\u2019Evangile comme don&nbsp;? Don du Christ, pour nous, don de soi auquel nous sommes appel\u00e9s dans nos vies \u00e0 son service, don par amour, don pour la Vie.<\/strong><\/p>\n\n\n\n<p class=\"wp-block-paragraph\"><strong>&gt; M\u00e9diter \u00e0 la fois la soif de la croix et l\u2019Evangile dans le don, voil\u00e0 un chemin pour nous pour ce jour de Vendredi Saint.<\/strong><\/p>\n","protected":false},"excerpt":{"rendered":"<p>\u00ab\u00a0J\u2019ai soif.\u00a0\u00bb Jean 19,28 > Deux mots pour dire la souffrance extr\u00eame de la croix, la d\u00e9tresse du crucifi\u00e9. La soif est en effet une des tortures de la croix par laquelle J\u00e9sus doit passer pour que les \u00c9critures s\u2019accomplissent. La soif de la croix. &gt; Deux mots pour dire aussi que l\u2019entier de l\u2019Evangile se construit dans le don. A chaque bout de son Evangile, Jean l\u2019\u00e9vang\u00e9liste pr\u00e9sente un J\u00e9sus qui demande \u00e0 boire. Au puits de Jacob d\u00e9j\u00e0, en plein midi, fatigu\u00e9 du chemin, il osait s\u2019adresser \u00e0 la Samaritaine&nbsp;en ces termes :&nbsp;\u00ab&nbsp;Donne-moi \u00e0 boire.&nbsp;\u00bb&nbsp;Car l\u2019Evangile est dans le don.&nbsp; &gt; Et pour nous, comment r\u00e9sonne cette soif \u2026 <a class=\"continue-reading-link\" href=\"https:\/\/levangilealecran.com\/?p=2534\"> Continue reading <span class=\"meta-nav\">&rarr; <\/span><\/a><\/p>\n","protected":false},"author":2006,"featured_media":0,"comment_status":"open","ping_status":"open","sticky":false,"template":"","format":"standard","meta":{"footnotes":""},"categories":[4,5,254],"tags":[68,889,92,80,292,685],"class_list":["post-2534","post","type-post","status-publish","format-standard","hentry","category-dimanche","category-jean","category-semaine-sainte","tag-croix","tag-crucifie","tag-don","tag-evangile","tag-soif","tag-vendredi-saint"],"_links":{"self":[{"href":"https:\/\/levangilealecran.com\/index.php?rest_route=\/wp\/v2\/posts\/2534","targetHints":{"allow":["GET"]}}],"collection":[{"href":"https:\/\/levangilealecran.com\/index.php?rest_route=\/wp\/v2\/posts"}],"about":[{"href":"https:\/\/levangilealecran.com\/index.php?rest_route=\/wp\/v2\/types\/post"}],"author":[{"embeddable":true,"href":"https:\/\/levangilealecran.com\/index.php?rest_route=\/wp\/v2\/users\/2006"}],"replies":[{"embeddable":true,"href":"https:\/\/levangilealecran.com\/index.php?rest_route=%2Fwp%2Fv2%2Fcomments&post=2534"}],"version-history":[{"count":2,"href":"https:\/\/levangilealecran.com\/index.php?rest_route=\/wp\/v2\/posts\/2534\/revisions"}],"predecessor-version":[{"id":2537,"href":"https:\/\/levangilealecran.com\/index.php?rest_route=\/wp\/v2\/posts\/2534\/revisions\/2537"}],"wp:attachment":[{"href":"https:\/\/levangilealecran.com\/index.php?rest_route=%2Fwp%2Fv2%2Fmedia&parent=2534"}],"wp:term":[{"taxonomy":"category","embeddable":true,"href":"https:\/\/levangilealecran.com\/index.php?rest_route=%2Fwp%2Fv2%2Fcategories&post=2534"},{"taxonomy":"post_tag","embeddable":true,"href":"https:\/\/levangilealecran.com\/index.php?rest_route=%2Fwp%2Fv2%2Ftags&post=2534"}],"curies":[{"name":"wp","href":"https:\/\/api.w.org\/{rel}","templated":true}]}}