{"id":2529,"date":"2022-04-08T11:37:44","date_gmt":"2022-04-08T09:37:44","guid":{"rendered":"https:\/\/levangilealecran.com\/?p=2529"},"modified":"2022-04-08T11:39:09","modified_gmt":"2022-04-08T09:39:09","slug":"dimanche-des-rameaux-et-de-la-passion-du-seigneur-c-3-avril-2022","status":"publish","type":"post","link":"https:\/\/levangilealecran.com\/?p=2529","title":{"rendered":"Dimanche des Rameaux et de la Passion du Seigneur \u2013 C \u2013 10 avril 2022"},"content":{"rendered":"\n<blockquote class=\"wp-block-quote is-style-default is-layout-flow wp-block-quote-is-layout-flow\"><p>\u00ab\u00a0Celui-ci \u00e9tait r\u00e9ellement un homme juste.\u00a0\u00bb<\/p><cite>(Lc 23,47)<\/cite><\/blockquote>\n\n\n\n<figure class=\"wp-block-image size-large is-style-default\"><a href=\"https:\/\/levangilealecran.com\/wp-content\/uploads\/2022\/04\/EALM-Lc-23-47.jpg\"><img loading=\"lazy\" decoding=\"async\" width=\"1024\" height=\"683\" src=\"https:\/\/levangilealecran.com\/wp-content\/uploads\/2022\/04\/EALM-Lc-23-47-1024x683.jpg\" alt=\"\" class=\"wp-image-2530\" srcset=\"https:\/\/levangilealecran.com\/wp-content\/uploads\/2022\/04\/EALM-Lc-23-47-1024x683.jpg 1024w, https:\/\/levangilealecran.com\/wp-content\/uploads\/2022\/04\/EALM-Lc-23-47-300x200.jpg 300w, https:\/\/levangilealecran.com\/wp-content\/uploads\/2022\/04\/EALM-Lc-23-47-768x512.jpg 768w, https:\/\/levangilealecran.com\/wp-content\/uploads\/2022\/04\/EALM-Lc-23-47-1536x1024.jpg 1536w, https:\/\/levangilealecran.com\/wp-content\/uploads\/2022\/04\/EALM-Lc-23-47-150x100.jpg 150w, https:\/\/levangilealecran.com\/wp-content\/uploads\/2022\/04\/EALM-Lc-23-47-225x150.jpg 225w, https:\/\/levangilealecran.com\/wp-content\/uploads\/2022\/04\/EALM-Lc-23-47-1320x880.jpg 1320w, https:\/\/levangilealecran.com\/wp-content\/uploads\/2022\/04\/EALM-Lc-23-47.jpg 1920w\" sizes=\"auto, (max-width: 1024px) 100vw, 1024px\" \/><\/a><\/figure>\n\n\n\n<p class=\"wp-block-paragraph\">En regardant la Croix, en ce week-end des Rameaux et de la Passion, je regarde mon Sauveur. Je me redis les paroles du Centurion&nbsp;: \u00ab&nbsp;Celui-ci \u00e9tait r\u00e9ellement un homme juste.&nbsp;\u00bb<\/p>\n\n\n\n<p class=\"wp-block-paragraph\">Un homme juste. Une femme juste. Voil\u00e0 ce que je suis invit\u00e9-e \u00e0 \u00eatre si j\u2019entends suivre le Christ, cet homme juste.<\/p>\n\n\n\n<p class=\"wp-block-paragraph\">Seigneur, aide-moi \u00e0 \u00eatre juste.<\/p>\n\n\n\n<p class=\"wp-block-paragraph\">Juste selon la justice bien s\u00fbr.<\/p>\n\n\n\n<p class=\"wp-block-paragraph\">Mais aussi juste, simplement.<\/p>\n\n\n\n<p class=\"wp-block-paragraph\">Juste bon, juste bien, juste comme tu le veux.<\/p>\n\n\n\n<p class=\"wp-block-paragraph\">Pour suivre cet homme qui \u00e9tait, qui est, qui sera toujours un homme juste.<\/p>\n","protected":false},"excerpt":{"rendered":"<p>\u00ab\u00a0Celui-ci \u00e9tait r\u00e9ellement un homme juste.\u00a0\u00bb (Lc 23,47) En regardant la Croix, en ce week-end des Rameaux et de la Passion, je regarde mon Sauveur. Je me redis les paroles du Centurion&nbsp;: \u00ab&nbsp;Celui-ci \u00e9tait r\u00e9ellement un homme juste.&nbsp;\u00bb Un homme juste. Une femme juste. Voil\u00e0 ce que je suis invit\u00e9-e \u00e0 \u00eatre si j\u2019entends suivre le Christ, cet homme juste. Seigneur, aide-moi \u00e0 \u00eatre juste. Juste selon la justice bien s\u00fbr. Mais aussi juste, simplement. Juste bon, juste bien, juste comme tu le veux. Pour suivre cet homme qui \u00e9tait, qui est, qui sera toujours un homme juste.<\/p>\n","protected":false},"author":2005,"featured_media":0,"comment_status":"open","ping_status":"open","sticky":false,"template":"","format":"standard","meta":{"footnotes":""},"categories":[44,24,6,74],"tags":[],"class_list":["post-2529","post","type-post","status-publish","format-standard","hentry","category-careme","category-fetes","category-luc","category-temps-pascal"],"_links":{"self":[{"href":"https:\/\/levangilealecran.com\/index.php?rest_route=\/wp\/v2\/posts\/2529","targetHints":{"allow":["GET"]}}],"collection":[{"href":"https:\/\/levangilealecran.com\/index.php?rest_route=\/wp\/v2\/posts"}],"about":[{"href":"https:\/\/levangilealecran.com\/index.php?rest_route=\/wp\/v2\/types\/post"}],"author":[{"embeddable":true,"href":"https:\/\/levangilealecran.com\/index.php?rest_route=\/wp\/v2\/users\/2005"}],"replies":[{"embeddable":true,"href":"https:\/\/levangilealecran.com\/index.php?rest_route=%2Fwp%2Fv2%2Fcomments&post=2529"}],"version-history":[{"count":2,"href":"https:\/\/levangilealecran.com\/index.php?rest_route=\/wp\/v2\/posts\/2529\/revisions"}],"predecessor-version":[{"id":2532,"href":"https:\/\/levangilealecran.com\/index.php?rest_route=\/wp\/v2\/posts\/2529\/revisions\/2532"}],"wp:attachment":[{"href":"https:\/\/levangilealecran.com\/index.php?rest_route=%2Fwp%2Fv2%2Fmedia&parent=2529"}],"wp:term":[{"taxonomy":"category","embeddable":true,"href":"https:\/\/levangilealecran.com\/index.php?rest_route=%2Fwp%2Fv2%2Fcategories&post=2529"},{"taxonomy":"post_tag","embeddable":true,"href":"https:\/\/levangilealecran.com\/index.php?rest_route=%2Fwp%2Fv2%2Ftags&post=2529"}],"curies":[{"name":"wp","href":"https:\/\/api.w.org\/{rel}","templated":true}]}}