{"id":2519,"date":"2022-03-25T08:00:00","date_gmt":"2022-03-25T07:00:00","guid":{"rendered":"https:\/\/levangilealecran.com\/?p=2519"},"modified":"2022-03-23T20:26:10","modified_gmt":"2022-03-23T19:26:10","slug":"4e-dimanche-de-careme-c-27-mars-2022","status":"publish","type":"post","link":"https:\/\/levangilealecran.com\/?p=2519","title":{"rendered":"4e dimanche de Car\u00eame &#8211; C \u2013 27 mars 2022"},"content":{"rendered":"\n<blockquote class=\"wp-block-quote is-layout-flow wp-block-quote-is-layout-flow\"><p><em>\u00ab\u00a0Un homme avait deux fils\u00a0\u00bb<\/em><\/p><cite><em>Luc 15,11<\/em><\/cite><\/blockquote>\n\n\n\n<div class=\"wp-block-image\"><figure class=\"aligncenter size-full\"><a href=\"https:\/\/levangilealecran.com\/wp-content\/uploads\/2022\/03\/unhomeavaitdeuxfils.png\"><img loading=\"lazy\" decoding=\"async\" width=\"450\" height=\"236\" src=\"https:\/\/levangilealecran.com\/wp-content\/uploads\/2022\/03\/unhomeavaitdeuxfils.png\" alt=\"\" class=\"wp-image-2520\" srcset=\"https:\/\/levangilealecran.com\/wp-content\/uploads\/2022\/03\/unhomeavaitdeuxfils.png 450w, https:\/\/levangilealecran.com\/wp-content\/uploads\/2022\/03\/unhomeavaitdeuxfils-300x157.png 300w, https:\/\/levangilealecran.com\/wp-content\/uploads\/2022\/03\/unhomeavaitdeuxfils-150x79.png 150w, https:\/\/levangilealecran.com\/wp-content\/uploads\/2022\/03\/unhomeavaitdeuxfils-250x131.png 250w\" sizes=\"auto, (max-width: 450px) 100vw, 450px\" \/><\/a><figcaption>Peinture de Sieger K\u00f6der<\/figcaption><\/figure><\/div>\n\n\n\n<p class=\"wp-block-paragraph\"><strong>> Mais ses deux gar\u00e7ons semblaient ignorer leur v\u00e9ritable identit\u00e9 par rapport \u00e0 celui qu\u2019ils consid\u00e9raient presqu\u2019exclusivement sous un angle mat\u00e9riel. Tout en l\u2019appelant \u00ab\u00a0p\u00e8re\u00a0\u00bb, l\u2019un lui demande sa part de fortune, un peu comme on proc\u00e8de au partage des biens d\u2019un d\u00e9funt. L\u2019autre n\u2019a m\u00eame pas l\u2019id\u00e9e de lui demander quelque chose, le jugeant indiff\u00e9rent \u00e0 sa vie priv\u00e9e.\u00a0<\/strong><\/p>\n\n\n\n<p class=\"wp-block-paragraph\"><strong>> Et nous, quelle image avons-nous du P\u00e8re\u00a0du ciel ? Un Dieu juge, un Dieu fournisseur de bienfaits\u00a0? Si nous en sommes encore l\u00e0, J\u00e9sus nous offre ici la plus belle image de celui qui est infiniment PERE. Ne demandant pas de compte, il se laisse \u00e9mouvoir jusqu\u2019aux entrailles par le retour du prodigue\u00a0; sourd aux reproches de l\u2019a\u00een\u00e9e aigri, il l\u2019appelle tendrement \u00ab\u00a0mon enfant\u00a0\u00bb et lui r\u00e9v\u00e8le que l\u2019autre est son fr\u00e8re. Fils et fr\u00e8res tous les deux, enfin.<\/strong><\/p>\n","protected":false},"excerpt":{"rendered":"<p>\u00ab\u00a0Un homme avait deux fils\u00a0\u00bb Luc 15,11 > Mais ses deux gar\u00e7ons semblaient ignorer leur v\u00e9ritable identit\u00e9 par rapport \u00e0 celui qu\u2019ils consid\u00e9raient presqu\u2019exclusivement sous un angle mat\u00e9riel. Tout en l\u2019appelant \u00ab\u00a0p\u00e8re\u00a0\u00bb, l\u2019un lui demande sa part de fortune, un peu comme on proc\u00e8de au partage des biens d\u2019un d\u00e9funt. L\u2019autre n\u2019a m\u00eame pas l\u2019id\u00e9e de lui demander quelque chose, le jugeant indiff\u00e9rent \u00e0 sa vie priv\u00e9e.\u00a0 > Et nous, quelle image avons-nous du P\u00e8re\u00a0du ciel ? Un Dieu juge, un Dieu fournisseur de bienfaits\u00a0? Si nous en sommes encore l\u00e0, J\u00e9sus nous offre ici la plus belle image de celui qui est infiniment PERE. Ne demandant pas de compte, \u2026 <a class=\"continue-reading-link\" href=\"https:\/\/levangilealecran.com\/?p=2519\"> Continue reading <span class=\"meta-nav\">&rarr; <\/span><\/a><\/p>\n","protected":false},"author":2006,"featured_media":0,"comment_status":"open","ping_status":"open","sticky":false,"template":"","format":"standard","meta":{"footnotes":""},"categories":[44,4,6],"tags":[64,486,780,272,681],"class_list":["post-2519","post","type-post","status-publish","format-standard","hentry","category-careme","category-dimanche","category-luc","tag-emotion","tag-enfant","tag-fils","tag-pere","tag-prodigue"],"_links":{"self":[{"href":"https:\/\/levangilealecran.com\/index.php?rest_route=\/wp\/v2\/posts\/2519","targetHints":{"allow":["GET"]}}],"collection":[{"href":"https:\/\/levangilealecran.com\/index.php?rest_route=\/wp\/v2\/posts"}],"about":[{"href":"https:\/\/levangilealecran.com\/index.php?rest_route=\/wp\/v2\/types\/post"}],"author":[{"embeddable":true,"href":"https:\/\/levangilealecran.com\/index.php?rest_route=\/wp\/v2\/users\/2006"}],"replies":[{"embeddable":true,"href":"https:\/\/levangilealecran.com\/index.php?rest_route=%2Fwp%2Fv2%2Fcomments&post=2519"}],"version-history":[{"count":3,"href":"https:\/\/levangilealecran.com\/index.php?rest_route=\/wp\/v2\/posts\/2519\/revisions"}],"predecessor-version":[{"id":2523,"href":"https:\/\/levangilealecran.com\/index.php?rest_route=\/wp\/v2\/posts\/2519\/revisions\/2523"}],"wp:attachment":[{"href":"https:\/\/levangilealecran.com\/index.php?rest_route=%2Fwp%2Fv2%2Fmedia&parent=2519"}],"wp:term":[{"taxonomy":"category","embeddable":true,"href":"https:\/\/levangilealecran.com\/index.php?rest_route=%2Fwp%2Fv2%2Fcategories&post=2519"},{"taxonomy":"post_tag","embeddable":true,"href":"https:\/\/levangilealecran.com\/index.php?rest_route=%2Fwp%2Fv2%2Ftags&post=2519"}],"curies":[{"name":"wp","href":"https:\/\/api.w.org\/{rel}","templated":true}]}}