{"id":2514,"date":"2022-03-18T14:43:10","date_gmt":"2022-03-18T13:43:10","guid":{"rendered":"https:\/\/levangilealecran.com\/?p=2514"},"modified":"2022-03-18T14:43:57","modified_gmt":"2022-03-18T13:43:57","slug":"3e-dimanche-de-careme-c-20-mars-2022","status":"publish","type":"post","link":"https:\/\/levangilealecran.com\/?p=2514","title":{"rendered":"3e dimanche de Car\u00eame \u2013 C \u2013 20 mars 2022"},"content":{"rendered":"\n<blockquote class=\"wp-block-quote is-style-default is-layout-flow wp-block-quote-is-layout-flow\"><p>\u00ab\u00a0Ma\u00eetre, laisse-le encore cette ann\u00e9e, le temps que je b\u00eache autour pour y mettre du fumier.\u00a0\u00bb<\/p><cite>(Luc 13, 8)<\/cite><\/blockquote>\n\n\n\n<figure class=\"wp-block-image size-full is-resized\"><a href=\"https:\/\/levangilealecran.com\/wp-content\/uploads\/2022\/03\/20200320_Lc138.png\"><img loading=\"lazy\" decoding=\"async\" src=\"https:\/\/levangilealecran.com\/wp-content\/uploads\/2022\/03\/20200320_Lc138.png\" alt=\"\" class=\"wp-image-2515\" width=\"600\" height=\"600\" srcset=\"https:\/\/levangilealecran.com\/wp-content\/uploads\/2022\/03\/20200320_Lc138.png 1200w, https:\/\/levangilealecran.com\/wp-content\/uploads\/2022\/03\/20200320_Lc138-300x300.png 300w, https:\/\/levangilealecran.com\/wp-content\/uploads\/2022\/03\/20200320_Lc138-1024x1024.png 1024w, https:\/\/levangilealecran.com\/wp-content\/uploads\/2022\/03\/20200320_Lc138-150x150.png 150w, https:\/\/levangilealecran.com\/wp-content\/uploads\/2022\/03\/20200320_Lc138-768x768.png 768w\" sizes=\"auto, (max-width: 600px) 100vw, 600px\" \/><\/a><\/figure>\n\n\n\n<p class=\"wp-block-paragraph\"><br><strong>> \u00ab\u00a0Mais si vous ne vous convertissez pas, vous p\u00e9rirez tous de m\u00eame.\u00a0\u00bb voil\u00e0 ce qui est annonc\u00e9 dans plusieurs versets de l&rsquo;\u00c9vangile de ce dimanche. Faut-il y voir une menace de Dieu ? Ne s&rsquo;agit-il pas simplement de cons\u00e9quence d&rsquo;acte ou de posture qui m\u00e8ne \u00e0 une dess\u00e9chement, une mort ?<\/strong><br><strong>Soyons rassur\u00e9s, cette conversion peut \u00eatre initi\u00e9e par l&rsquo;ext\u00e9rieur, il y a quelqu&rsquo;un qui peut changer le terreau dans lequel nous sommes qui parfois est la raison pour laquelle nous ne produisons pas de fruits.<\/strong><br><strong>> Demandons au Vigneron de changer la terre s\u00e9ch\u00e9e dans laquelle nous sommes install\u00e9 pour y mettre de la bonne terre, et de l&rsquo;engrais, et cette bonne terre sera capable de recevoir les graines, selon une autre parabole. Ainsi, la conversion qui nous est demand\u00e9e devient possible.<\/strong><\/p>\n","protected":false},"excerpt":{"rendered":"<p>\u00ab\u00a0Ma\u00eetre, laisse-le encore cette ann\u00e9e, le temps que je b\u00eache autour pour y mettre du fumier.\u00a0\u00bb (Luc 13, 8) > \u00ab\u00a0Mais si vous ne vous convertissez pas, vous p\u00e9rirez tous de m\u00eame.\u00a0\u00bb voil\u00e0 ce qui est annonc\u00e9 dans plusieurs versets de l&rsquo;\u00c9vangile de ce dimanche. Faut-il y voir une menace de Dieu ? Ne s&rsquo;agit-il pas simplement de cons\u00e9quence d&rsquo;acte ou de posture qui m\u00e8ne \u00e0 une dess\u00e9chement, une mort ?Soyons rassur\u00e9s, cette conversion peut \u00eatre initi\u00e9e par l&rsquo;ext\u00e9rieur, il y a quelqu&rsquo;un qui peut changer le terreau dans lequel nous sommes qui parfois est la raison pour laquelle nous ne produisons pas de fruits.> Demandons au Vigneron de changer \u2026 <a class=\"continue-reading-link\" href=\"https:\/\/levangilealecran.com\/?p=2514\"> Continue reading <span class=\"meta-nav\">&rarr; <\/span><\/a><\/p>\n","protected":false},"author":2005,"featured_media":0,"comment_status":"open","ping_status":"open","sticky":false,"template":"","format":"standard","meta":{"footnotes":""},"categories":[44,6],"tags":[357],"class_list":["post-2514","post","type-post","status-publish","format-standard","hentry","category-careme","category-luc","tag-conversion"],"_links":{"self":[{"href":"https:\/\/levangilealecran.com\/index.php?rest_route=\/wp\/v2\/posts\/2514","targetHints":{"allow":["GET"]}}],"collection":[{"href":"https:\/\/levangilealecran.com\/index.php?rest_route=\/wp\/v2\/posts"}],"about":[{"href":"https:\/\/levangilealecran.com\/index.php?rest_route=\/wp\/v2\/types\/post"}],"author":[{"embeddable":true,"href":"https:\/\/levangilealecran.com\/index.php?rest_route=\/wp\/v2\/users\/2005"}],"replies":[{"embeddable":true,"href":"https:\/\/levangilealecran.com\/index.php?rest_route=%2Fwp%2Fv2%2Fcomments&post=2514"}],"version-history":[{"count":2,"href":"https:\/\/levangilealecran.com\/index.php?rest_route=\/wp\/v2\/posts\/2514\/revisions"}],"predecessor-version":[{"id":2517,"href":"https:\/\/levangilealecran.com\/index.php?rest_route=\/wp\/v2\/posts\/2514\/revisions\/2517"}],"wp:attachment":[{"href":"https:\/\/levangilealecran.com\/index.php?rest_route=%2Fwp%2Fv2%2Fmedia&parent=2514"}],"wp:term":[{"taxonomy":"category","embeddable":true,"href":"https:\/\/levangilealecran.com\/index.php?rest_route=%2Fwp%2Fv2%2Fcategories&post=2514"},{"taxonomy":"post_tag","embeddable":true,"href":"https:\/\/levangilealecran.com\/index.php?rest_route=%2Fwp%2Fv2%2Ftags&post=2514"}],"curies":[{"name":"wp","href":"https:\/\/api.w.org\/{rel}","templated":true}]}}