{"id":2509,"date":"2022-03-11T08:00:00","date_gmt":"2022-03-11T07:00:00","guid":{"rendered":"https:\/\/levangilealecran.com\/?p=2509"},"modified":"2022-03-10T17:38:47","modified_gmt":"2022-03-10T16:38:47","slug":"2509","status":"publish","type":"post","link":"https:\/\/levangilealecran.com\/?p=2509","title":{"rendered":"2e dimanche de Car\u00eame \u2013 C \u2013 13 mars 2022"},"content":{"rendered":"\n<blockquote class=\"wp-block-quote is-layout-flow wp-block-quote-is-layout-flow\"><p><em>\u00ab&nbsp;Pendant qu\u2019il priait, son visage changea<\/em> <br><em>et son v\u00eatement devint d\u2019une blancheur \u00e9clatante.&nbsp;\u00bb&nbsp;<\/em><\/p><cite>Luc 9, 29<\/cite><\/blockquote>\n\n\n\n<figure class=\"wp-block-image size-large\"><a href=\"https:\/\/levangilealecran.com\/wp-content\/uploads\/2022\/03\/glow-rose-allongee-scaled.jpg\"><img loading=\"lazy\" decoding=\"async\" width=\"1024\" height=\"275\" src=\"https:\/\/levangilealecran.com\/wp-content\/uploads\/2022\/03\/glow-rose-allongee-1024x275.jpg\" alt=\"\" class=\"wp-image-2510\" srcset=\"https:\/\/levangilealecran.com\/wp-content\/uploads\/2022\/03\/glow-rose-allongee-1024x275.jpg 1024w, https:\/\/levangilealecran.com\/wp-content\/uploads\/2022\/03\/glow-rose-allongee-300x81.jpg 300w, https:\/\/levangilealecran.com\/wp-content\/uploads\/2022\/03\/glow-rose-allongee-768x207.jpg 768w, https:\/\/levangilealecran.com\/wp-content\/uploads\/2022\/03\/glow-rose-allongee-1536x413.jpg 1536w, https:\/\/levangilealecran.com\/wp-content\/uploads\/2022\/03\/glow-rose-allongee-2048x551.jpg 2048w, https:\/\/levangilealecran.com\/wp-content\/uploads\/2022\/03\/glow-rose-allongee-150x40.jpg 150w, https:\/\/levangilealecran.com\/wp-content\/uploads\/2022\/03\/glow-rose-allongee-250x67.jpg 250w, https:\/\/levangilealecran.com\/wp-content\/uploads\/2022\/03\/glow-rose-allongee-1320x355.jpg 1320w\" sizes=\"auto, (max-width: 1024px) 100vw, 1024px\" \/><\/a><\/figure>\n\n\n\n<p class=\"wp-block-paragraph\"><strong><u>Ph\u00e9nom\u00e8ne<\/u><\/strong><\/p>\n\n\n\n<p class=\"wp-block-paragraph\"><strong>&gt; J\u00e9sus a pris avec lui trois t\u00e9moins Pierre, Jacques et Jean. Et voil\u00e0 qu\u2019ils sont confront\u00e9s \u00e0 un ph\u00e9nom\u00e8ne \u00e9trange. Devant leurs yeux \u00e9bahis, ils assistent \u00e0 une double transformation physique&nbsp;: celle du visage de J\u00e9sus et celle de son v\u00eatement. Cela pourrait faire peur. Pourtant, cet \u00e9v\u00e9nement est majeur dans la vie de ces trois disciples&nbsp;: ils contemplent J\u00e9sus dans la gloire. Mais, en comprennent-ils toute la port\u00e9e&nbsp;? Assur\u00e9ment, non, puisque le fougueux Pierre propose de construire trois tentes l\u2019une pour J\u00e9sus, les autres pour Mo\u00efse et Elie&nbsp;! Il d\u00e9sire fixer l\u2019\u00e9v\u00e8nement. Or, J\u00e9sus va constamment de l\u2019avant. J\u00e9sus a accord\u00e9 aux disciples le privil\u00e8ge de voir que le chemin de souffrance par lequel il allait passer (Et qu\u2019il leur avait annonc\u00e9) n\u2019\u00e9tait pas une impasse. Il s\u2019ach\u00e8ve dans la Gloire.&nbsp;<\/strong><\/p>\n\n\n\n<p class=\"wp-block-paragraph\">&gt; <strong>Il nous faut beaucoup de temps pour saisir pleinement l\u2019\u0153uvre de Notre Seigneur. Une vie toute enti\u00e8re ! Au cours de cette vie, nous sommes au b\u00e9n\u00e9fice des b\u00e9n\u00e9dictions que Christ nous a acquises par sa mort et sa r\u00e9surrection. Un jour, nous le verrons face \u00e0 face, alors, tout s\u2019\u00e9clairera et nous saurons combien nous avons \u00e9t\u00e9 aim\u00e9s.<\/strong><\/p>\n\n\n\n<p class=\"wp-block-paragraph\">&gt; <strong>Pour l\u2019heure, poursuivons le chemin, J\u00e9sus nous y accompagne.<\/strong><\/p>\n","protected":false},"excerpt":{"rendered":"<p>\u00ab&nbsp;Pendant qu\u2019il priait, son visage changea et son v\u00eatement devint d\u2019une blancheur \u00e9clatante.&nbsp;\u00bb&nbsp; Luc 9, 29 Ph\u00e9nom\u00e8ne &gt; J\u00e9sus a pris avec lui trois t\u00e9moins Pierre, Jacques et Jean. Et voil\u00e0 qu\u2019ils sont confront\u00e9s \u00e0 un ph\u00e9nom\u00e8ne \u00e9trange. Devant leurs yeux \u00e9bahis, ils assistent \u00e0 une double transformation physique&nbsp;: celle du visage de J\u00e9sus et celle de son v\u00eatement. Cela pourrait faire peur. Pourtant, cet \u00e9v\u00e9nement est majeur dans la vie de ces trois disciples&nbsp;: ils contemplent J\u00e9sus dans la gloire. Mais, en comprennent-ils toute la port\u00e9e&nbsp;? Assur\u00e9ment, non, puisque le fougueux Pierre propose de construire trois tentes l\u2019une pour J\u00e9sus, les autres pour Mo\u00efse et Elie&nbsp;! Il d\u00e9sire fixer \u2026 <a class=\"continue-reading-link\" href=\"https:\/\/levangilealecran.com\/?p=2509\"> Continue reading <span class=\"meta-nav\">&rarr; <\/span><\/a><\/p>\n","protected":false},"author":2006,"featured_media":0,"comment_status":"open","ping_status":"open","sticky":false,"template":"","format":"standard","meta":{"footnotes":""},"categories":[44,4,6],"tags":[16,886,101,55,253,110,49],"class_list":["post-2509","post","type-post","status-publish","format-standard","hentry","category-careme","category-dimanche","category-luc","tag-amour","tag-benedictions","tag-chemin","tag-resurrection","tag-souffrance","tag-temps","tag-transfiguration"],"_links":{"self":[{"href":"https:\/\/levangilealecran.com\/index.php?rest_route=\/wp\/v2\/posts\/2509","targetHints":{"allow":["GET"]}}],"collection":[{"href":"https:\/\/levangilealecran.com\/index.php?rest_route=\/wp\/v2\/posts"}],"about":[{"href":"https:\/\/levangilealecran.com\/index.php?rest_route=\/wp\/v2\/types\/post"}],"author":[{"embeddable":true,"href":"https:\/\/levangilealecran.com\/index.php?rest_route=\/wp\/v2\/users\/2006"}],"replies":[{"embeddable":true,"href":"https:\/\/levangilealecran.com\/index.php?rest_route=%2Fwp%2Fv2%2Fcomments&post=2509"}],"version-history":[{"count":2,"href":"https:\/\/levangilealecran.com\/index.php?rest_route=\/wp\/v2\/posts\/2509\/revisions"}],"predecessor-version":[{"id":2512,"href":"https:\/\/levangilealecran.com\/index.php?rest_route=\/wp\/v2\/posts\/2509\/revisions\/2512"}],"wp:attachment":[{"href":"https:\/\/levangilealecran.com\/index.php?rest_route=%2Fwp%2Fv2%2Fmedia&parent=2509"}],"wp:term":[{"taxonomy":"category","embeddable":true,"href":"https:\/\/levangilealecran.com\/index.php?rest_route=%2Fwp%2Fv2%2Fcategories&post=2509"},{"taxonomy":"post_tag","embeddable":true,"href":"https:\/\/levangilealecran.com\/index.php?rest_route=%2Fwp%2Fv2%2Ftags&post=2509"}],"curies":[{"name":"wp","href":"https:\/\/api.w.org\/{rel}","templated":true}]}}