{"id":2493,"date":"2022-02-11T08:00:00","date_gmt":"2022-02-11T07:00:00","guid":{"rendered":"https:\/\/levangilealecran.com\/?p=2493"},"modified":"2022-02-10T16:49:21","modified_gmt":"2022-02-10T15:49:21","slug":"6e-dimanche-du-temps-ordinaire-c-13-fevrier-2022","status":"publish","type":"post","link":"https:\/\/levangilealecran.com\/?p=2493","title":{"rendered":"6e  dimanche du temps ordinaire \u2013 C \u2013 13 f\u00e9vrier 2022"},"content":{"rendered":"\n<blockquote class=\"wp-block-quote is-layout-flow wp-block-quote-is-layout-flow\"><p><em>\u00ab\u00a0Heureux vous, les pauvres\u2026\u00a0\u00bb<\/em><\/p><cite><em>Luc 6, 20<\/em><\/cite><\/blockquote>\n\n\n\n<figure class=\"wp-block-image size-full\"><a href=\"https:\/\/levangilealecran.com\/wp-content\/uploads\/2022\/02\/00EALe.jpg\"><img loading=\"lazy\" decoding=\"async\" width=\"269\" height=\"240\" src=\"https:\/\/levangilealecran.com\/wp-content\/uploads\/2022\/02\/00EALe.jpg\" alt=\"\" class=\"wp-image-2494\" srcset=\"https:\/\/levangilealecran.com\/wp-content\/uploads\/2022\/02\/00EALe.jpg 269w, https:\/\/levangilealecran.com\/wp-content\/uploads\/2022\/02\/00EALe-150x134.jpg 150w, https:\/\/levangilealecran.com\/wp-content\/uploads\/2022\/02\/00EALe-168x150.jpg 168w\" sizes=\"auto, (max-width: 269px) 100vw, 269px\" \/><\/a><\/figure>\n\n\n\n<p class=\"wp-block-paragraph\"><strong>> Quelle belle mise en sc\u00e8ne pour ce discours sur le bonheur et le malheur\u00a0: \u00ab\u00a0Et J\u00e9sus, levant les yeux sur ses disciples\u2026\u00a0\u00bb. Il nous regarde, car il lui tient \u00e0 c\u0153ur que nous sachions, en tant que disciples, discerner le vrai bonheur de ses contrefa\u00e7ons. Comme souvent dans les Evangiles, nous avons ici un exemple du \u201crenversement de l\u2019\u00e9chelle des valeurs\u201c si cher \u00e0 J\u00e9sus. N\u2019est pas heureux simplement qui mange \u00e0 sa faim et qui rit de plaisir en entendant le bien qu\u2019on dit de lui. Ce qui semblerait pourtant logique.\u00a0<\/strong><\/p>\n\n\n\n<p class=\"wp-block-paragraph\"><strong>> J\u00e9sus a sa logique \u00e0 lui, celle du royaume des cieux qui d\u00e9concerte. Comment d\u00e9clarer heureux ceux qui manquent du n\u00e9cessaire et qui pleurent, ceux que l\u2019on exclut et m\u00e9prise ? Mais ayons soin d\u2019aller jusqu\u2019au bout de la phase:\u00a0<em>\u00ab\u2026\u00e0 cause du Fils de l\u2019homme.\u00a0\u00bb\u00a0<\/em><\/strong><\/p>\n\n\n\n<p class=\"wp-block-paragraph\"><strong><em>>\u00a0<\/em>Ce ne sont pas les \u00e9preuves en soi qui rendent heureux\u00a0le disciple ; c\u2019est le fait de les traverser \u00e0 cause du Christ, avec lui et comme lui. D\u00e8s lors, l\u2019invitation &#8211; pour le moins \u00e9trange &#8211; \u00e0\u00a0<em>tressaillir de joie,<\/em>\u00a0ne se comprend r\u00e9ellement que dans la perspective du bonheur qu\u2019il y a pour nous \u00e0 lui ressembler et \u00e0 l\u2019entendre dire\u00a0: \u00ab\u00a0Le royaume des cieux est \u00e0 vous.\u00a0\u00bb\u00a0<\/strong><\/p>\n\n\n\n<p class=\"wp-block-paragraph\"><strong>> A cause de toi, Seigneur, comme toi et avec toi, je me rel\u00e8ve apr\u00e8s chaque coup dur\u00a0: \u00ab\u00a0tu m\u2019as appel\u00e9, me voici\u00a0: mon bonheur, c\u2019est toi.\u00a0\u00bb<\/strong><\/p>\n","protected":false},"excerpt":{"rendered":"<p>\u00ab\u00a0Heureux vous, les pauvres\u2026\u00a0\u00bb Luc 6, 20 > Quelle belle mise en sc\u00e8ne pour ce discours sur le bonheur et le malheur\u00a0: \u00ab\u00a0Et J\u00e9sus, levant les yeux sur ses disciples\u2026\u00a0\u00bb. Il nous regarde, car il lui tient \u00e0 c\u0153ur que nous sachions, en tant que disciples, discerner le vrai bonheur de ses contrefa\u00e7ons. Comme souvent dans les Evangiles, nous avons ici un exemple du \u201crenversement de l\u2019\u00e9chelle des valeurs\u201c si cher \u00e0 J\u00e9sus. N\u2019est pas heureux simplement qui mange \u00e0 sa faim et qui rit de plaisir en entendant le bien qu\u2019on dit de lui. Ce qui semblerait pourtant logique.\u00a0 > J\u00e9sus a sa logique \u00e0 lui, celle du royaume \u2026 <a class=\"continue-reading-link\" href=\"https:\/\/levangilealecran.com\/?p=2493\"> Continue reading <span class=\"meta-nav\">&rarr; <\/span><\/a><\/p>\n","protected":false},"author":2006,"featured_media":0,"comment_status":"open","ping_status":"open","sticky":false,"template":"","format":"standard","meta":{"footnotes":""},"categories":[4,6],"tags":[582,50,75,741,532],"class_list":["post-2493","post","type-post","status-publish","format-standard","hentry","category-dimanche","category-luc","tag-bonheur","tag-esperance","tag-joie","tag-pleurer","tag-valeurs"],"_links":{"self":[{"href":"https:\/\/levangilealecran.com\/index.php?rest_route=\/wp\/v2\/posts\/2493","targetHints":{"allow":["GET"]}}],"collection":[{"href":"https:\/\/levangilealecran.com\/index.php?rest_route=\/wp\/v2\/posts"}],"about":[{"href":"https:\/\/levangilealecran.com\/index.php?rest_route=\/wp\/v2\/types\/post"}],"author":[{"embeddable":true,"href":"https:\/\/levangilealecran.com\/index.php?rest_route=\/wp\/v2\/users\/2006"}],"replies":[{"embeddable":true,"href":"https:\/\/levangilealecran.com\/index.php?rest_route=%2Fwp%2Fv2%2Fcomments&post=2493"}],"version-history":[{"count":1,"href":"https:\/\/levangilealecran.com\/index.php?rest_route=\/wp\/v2\/posts\/2493\/revisions"}],"predecessor-version":[{"id":2495,"href":"https:\/\/levangilealecran.com\/index.php?rest_route=\/wp\/v2\/posts\/2493\/revisions\/2495"}],"wp:attachment":[{"href":"https:\/\/levangilealecran.com\/index.php?rest_route=%2Fwp%2Fv2%2Fmedia&parent=2493"}],"wp:term":[{"taxonomy":"category","embeddable":true,"href":"https:\/\/levangilealecran.com\/index.php?rest_route=%2Fwp%2Fv2%2Fcategories&post=2493"},{"taxonomy":"post_tag","embeddable":true,"href":"https:\/\/levangilealecran.com\/index.php?rest_route=%2Fwp%2Fv2%2Ftags&post=2493"}],"curies":[{"name":"wp","href":"https:\/\/api.w.org\/{rel}","templated":true}]}}