{"id":2480,"date":"2022-01-28T08:00:00","date_gmt":"2022-01-28T07:00:00","guid":{"rendered":"https:\/\/levangilealecran.com\/?p=2480"},"modified":"2022-01-27T11:36:37","modified_gmt":"2022-01-27T10:36:37","slug":"4e-dimanche-du-temps-ordinaire-c-30-janvier-2022","status":"publish","type":"post","link":"https:\/\/levangilealecran.com\/?p=2480","title":{"rendered":"4e dimanche du temps ordinaire \u2013 C \u2013 30 janvier 2022"},"content":{"rendered":"\n<blockquote class=\"wp-block-quote is-layout-flow wp-block-quote-is-layout-flow\"><p><em>\u00ab\u00a0Mais, Lui, passant au milieu d\u2019eux, allait son chemin.\u00a0\u00bb<\/em><\/p><cite>Luc 4, 30<\/cite><\/blockquote>\n\n\n\n<figure class=\"wp-block-image size-large\"><a href=\"https:\/\/levangilealecran.com\/wp-content\/uploads\/2022\/01\/Pieds-sur-le-chemin-1-scaled.jpg\"><img loading=\"lazy\" decoding=\"async\" width=\"1024\" height=\"282\" src=\"https:\/\/levangilealecran.com\/wp-content\/uploads\/2022\/01\/Pieds-sur-le-chemin-1-1024x282.jpg\" alt=\"\" class=\"wp-image-2483\" srcset=\"https:\/\/levangilealecran.com\/wp-content\/uploads\/2022\/01\/Pieds-sur-le-chemin-1-1024x282.jpg 1024w, https:\/\/levangilealecran.com\/wp-content\/uploads\/2022\/01\/Pieds-sur-le-chemin-1-300x83.jpg 300w, https:\/\/levangilealecran.com\/wp-content\/uploads\/2022\/01\/Pieds-sur-le-chemin-1-768x212.jpg 768w, https:\/\/levangilealecran.com\/wp-content\/uploads\/2022\/01\/Pieds-sur-le-chemin-1-1536x424.jpg 1536w, https:\/\/levangilealecran.com\/wp-content\/uploads\/2022\/01\/Pieds-sur-le-chemin-1-2048x565.jpg 2048w, https:\/\/levangilealecran.com\/wp-content\/uploads\/2022\/01\/Pieds-sur-le-chemin-1-150x41.jpg 150w, https:\/\/levangilealecran.com\/wp-content\/uploads\/2022\/01\/Pieds-sur-le-chemin-1-250x69.jpg 250w, https:\/\/levangilealecran.com\/wp-content\/uploads\/2022\/01\/Pieds-sur-le-chemin-1-1320x364.jpg 1320w\" sizes=\"auto, (max-width: 1024px) 100vw, 1024px\" \/><\/a><\/figure>\n\n\n\n<p class=\"wp-block-paragraph\"><strong><u>D\u00e9termination<\/u><\/strong><\/p>\n\n\n\n<p class=\"wp-block-paragraph\"><strong>> Comment un petit rappel de la v\u00e9rit\u00e9 provoque une temp\u00eate, c\u2019est en quelque sorte la nature de cet \u00e9pisode de la vie de J\u00e9sus. Il vient de prononcer dix mots pour seul commentaire du passage du livre d\u2019Esa\u00efe qu\u2019Il vient de lire (Luc 4, 21). Il fait mention de deux \u00e9trangers qui ont trouv\u00e9 gr\u00e2ce aux yeux des proph\u00e8tes -donc de Dieu- et voil\u00e0 que la foule se d\u00e9cha\u00eene\u00a0:\u00a0<em>tous deviennent furieux<\/em>. Ils prennent les choses en main. Ils s\u2019appr\u00eatent \u00e0 r\u00e9gler son compte \u00e0 ce concitoyen qui n\u2019est jamais que le fils de Joseph. J\u00e9sus s\u2019est laiss\u00e9 entra\u00eener jusqu\u2019au bord de la falaise. Et puis\u2026<\/strong><\/p>\n\n\n\n<p class=\"wp-block-paragraph\"><strong>> Et puis, ils ne ma\u00eetrisent plus rien\u00a0! J\u00e9sus va son chemin. Il sait bien qu\u2019Il va mourir mais ce n\u2019est ni l\u2019heure, ni le lieu. Il est d\u00e9termin\u00e9 \u00e0 accomplir sa mission. Il ne s\u2019\u00e9chappe pas\u00a0:\u00a0<em>il passe au milieu d\u2019eux<\/em>, sans haine, ni violence. De Lui qui\u00a0<em>n&rsquo;avait ni beaut\u00e9, ni \u00e9clat pour attirer nos regards<\/em>\u00a0(Esa\u00efe 53, 2) devait se d\u00e9gager une telle puissance que personne n\u2019a pu se mettre en travers de son chemin, m\u00eame pas la foule haineuse. Il aurait voulu les gu\u00e9rir, leur rendre la vue, car Il les aimait. Eux ne l\u2019ont pas voulu. Et moi\u00a0! Le veux-je\u00a0?\u00a0<\/strong><\/p>\n","protected":false},"excerpt":{"rendered":"<p>\u00ab\u00a0Mais, Lui, passant au milieu d\u2019eux, allait son chemin.\u00a0\u00bb Luc 4, 30 D\u00e9termination > Comment un petit rappel de la v\u00e9rit\u00e9 provoque une temp\u00eate, c\u2019est en quelque sorte la nature de cet \u00e9pisode de la vie de J\u00e9sus. Il vient de prononcer dix mots pour seul commentaire du passage du livre d\u2019Esa\u00efe qu\u2019Il vient de lire (Luc 4, 21). Il fait mention de deux \u00e9trangers qui ont trouv\u00e9 gr\u00e2ce aux yeux des proph\u00e8tes -donc de Dieu- et voil\u00e0 que la foule se d\u00e9cha\u00eene\u00a0:\u00a0tous deviennent furieux. Ils prennent les choses en main. Ils s\u2019appr\u00eatent \u00e0 r\u00e9gler son compte \u00e0 ce concitoyen qui n\u2019est jamais que le fils de Joseph. J\u00e9sus s\u2019est \u2026 <a class=\"continue-reading-link\" href=\"https:\/\/levangilealecran.com\/?p=2480\"> Continue reading <span class=\"meta-nav\">&rarr; <\/span><\/a><\/p>\n","protected":false},"author":2006,"featured_media":0,"comment_status":"open","ping_status":"open","sticky":false,"template":"","format":"standard","meta":{"footnotes":""},"categories":[4,6],"tags":[101,371,545,12],"class_list":["post-2480","post","type-post","status-publish","format-standard","hentry","category-dimanche","category-luc","tag-chemin","tag-colere","tag-puissance","tag-verite"],"_links":{"self":[{"href":"https:\/\/levangilealecran.com\/index.php?rest_route=\/wp\/v2\/posts\/2480","targetHints":{"allow":["GET"]}}],"collection":[{"href":"https:\/\/levangilealecran.com\/index.php?rest_route=\/wp\/v2\/posts"}],"about":[{"href":"https:\/\/levangilealecran.com\/index.php?rest_route=\/wp\/v2\/types\/post"}],"author":[{"embeddable":true,"href":"https:\/\/levangilealecran.com\/index.php?rest_route=\/wp\/v2\/users\/2006"}],"replies":[{"embeddable":true,"href":"https:\/\/levangilealecran.com\/index.php?rest_route=%2Fwp%2Fv2%2Fcomments&post=2480"}],"version-history":[{"count":2,"href":"https:\/\/levangilealecran.com\/index.php?rest_route=\/wp\/v2\/posts\/2480\/revisions"}],"predecessor-version":[{"id":2484,"href":"https:\/\/levangilealecran.com\/index.php?rest_route=\/wp\/v2\/posts\/2480\/revisions\/2484"}],"wp:attachment":[{"href":"https:\/\/levangilealecran.com\/index.php?rest_route=%2Fwp%2Fv2%2Fmedia&parent=2480"}],"wp:term":[{"taxonomy":"category","embeddable":true,"href":"https:\/\/levangilealecran.com\/index.php?rest_route=%2Fwp%2Fv2%2Fcategories&post=2480"},{"taxonomy":"post_tag","embeddable":true,"href":"https:\/\/levangilealecran.com\/index.php?rest_route=%2Fwp%2Fv2%2Ftags&post=2480"}],"curies":[{"name":"wp","href":"https:\/\/api.w.org\/{rel}","templated":true}]}}