{"id":2469,"date":"2022-01-21T08:00:00","date_gmt":"2022-01-21T07:00:00","guid":{"rendered":"https:\/\/levangilealecran.com\/?p=2469"},"modified":"2022-01-19T21:20:53","modified_gmt":"2022-01-19T20:20:53","slug":"3e-dimanche-du-temps-ordinaire-c-23-janvier-2022","status":"publish","type":"post","link":"https:\/\/levangilealecran.com\/?p=2469","title":{"rendered":"3e dimanche du temps ordinaire \u2013 C \u2013 23 janvier 2022"},"content":{"rendered":"\n<blockquote class=\"wp-block-quote is-layout-flow wp-block-quote-is-layout-flow\"><p>\u00ab&nbsp;<em>Il m\u2019a envoy\u00e9 porter la Bonne Nouvelle aux pauvres,<br>annoncer aux captifs leur lib\u00e9ration,<br>et aux aveugles qu\u2019ils retrouveront la vue<\/em>&nbsp;\u00bb<\/p><cite>Luc 4,18<\/cite><\/blockquote>\n\n\n\n<div class=\"wp-block-image\"><figure class=\"aligncenter size-full\"><a href=\"https:\/\/levangilealecran.com\/wp-content\/uploads\/2022\/01\/ImageEvEcr2022_1_23.jpg\"><img loading=\"lazy\" decoding=\"async\" width=\"600\" height=\"600\" src=\"https:\/\/levangilealecran.com\/wp-content\/uploads\/2022\/01\/ImageEvEcr2022_1_23.jpg\" alt=\"\" class=\"wp-image-2472\" srcset=\"https:\/\/levangilealecran.com\/wp-content\/uploads\/2022\/01\/ImageEvEcr2022_1_23.jpg 600w, https:\/\/levangilealecran.com\/wp-content\/uploads\/2022\/01\/ImageEvEcr2022_1_23-300x300.jpg 300w, https:\/\/levangilealecran.com\/wp-content\/uploads\/2022\/01\/ImageEvEcr2022_1_23-150x150.jpg 150w\" sizes=\"auto, (max-width: 600px) 100vw, 600px\" \/><\/a><\/figure><\/div>\n\n\n\n<p class=\"wp-block-paragraph\"><strong>&gt; A Nazareth, dans la synagogue, J\u00e9sus annonce sa mission de Christ, par les paroles du proph\u00e8te Isa\u00efe\/Esa\u00efe&nbsp;: porter la Bonne Nouvelle aux pauvres, annoncer aux captifs leur lib\u00e9ration, et aux aveugles qu\u2019ils retrouveront la vue.<\/strong><\/p>\n\n\n\n<p class=\"wp-block-paragraph\"><strong>&gt; Ainsi J\u00e9sus nous rappelle que l\u2019\u00c9vangile n\u2019est pas d\u2019abord destin\u00e9 aux riches, aux hommes libres, aux bien-pensant ou bien-voyant, mais bien \u00e0 tous ceux qui se reconnaissent comme pauvres, captifs et malvoyants. A tous ceux qui sont dans le manque.<\/strong><\/p>\n\n\n\n<p class=\"wp-block-paragraph\"><strong>&gt; Sur mon chemin de vie, le Christ m\u2019invite donc \u00e0 ouvrir les yeux sur mes pauvret\u00e9s, mes enfermements, mes c\u00e9cit\u00e9s, \u00e0 les reconna\u00eetre et \u00e0 les d\u00e9poser aupr\u00e8s de Lui. Si je fais cela, alors je pourrai recevoir pleinement Sa Bonne Nouvelle. Une invitation donc pour cette semaine \u00e0 prendre ce chemin d\u2019humilit\u00e9 et me laisser transformer par Sa Bonne Nouvelle.<\/strong><\/p>\n","protected":false},"excerpt":{"rendered":"<p>\u00ab&nbsp;Il m\u2019a envoy\u00e9 porter la Bonne Nouvelle aux pauvres,annoncer aux captifs leur lib\u00e9ration,et aux aveugles qu\u2019ils retrouveront la vue&nbsp;\u00bb Luc 4,18 &gt; A Nazareth, dans la synagogue, J\u00e9sus annonce sa mission de Christ, par les paroles du proph\u00e8te Isa\u00efe\/Esa\u00efe&nbsp;: porter la Bonne Nouvelle aux pauvres, annoncer aux captifs leur lib\u00e9ration, et aux aveugles qu\u2019ils retrouveront la vue. &gt; Ainsi J\u00e9sus nous rappelle que l\u2019\u00c9vangile n\u2019est pas d\u2019abord destin\u00e9 aux riches, aux hommes libres, aux bien-pensant ou bien-voyant, mais bien \u00e0 tous ceux qui se reconnaissent comme pauvres, captifs et malvoyants. A tous ceux qui sont dans le manque. &gt; Sur mon chemin de vie, le Christ m\u2019invite donc \u00e0 ouvrir \u2026 <a class=\"continue-reading-link\" href=\"https:\/\/levangilealecran.com\/?p=2469\"> Continue reading <span class=\"meta-nav\">&rarr; <\/span><\/a><\/p>\n","protected":false},"author":2006,"featured_media":0,"comment_status":"open","ping_status":"open","sticky":false,"template":"","format":"standard","meta":{"footnotes":""},"categories":[4,6],"tags":[250,879,80,124,575,555],"class_list":["post-2469","post","type-post","status-publish","format-standard","hentry","category-dimanche","category-luc","tag-aveugle","tag-bonne-nouvelle-2","tag-evangile","tag-humilite","tag-liberation","tag-pauvrete"],"_links":{"self":[{"href":"https:\/\/levangilealecran.com\/index.php?rest_route=\/wp\/v2\/posts\/2469","targetHints":{"allow":["GET"]}}],"collection":[{"href":"https:\/\/levangilealecran.com\/index.php?rest_route=\/wp\/v2\/posts"}],"about":[{"href":"https:\/\/levangilealecran.com\/index.php?rest_route=\/wp\/v2\/types\/post"}],"author":[{"embeddable":true,"href":"https:\/\/levangilealecran.com\/index.php?rest_route=\/wp\/v2\/users\/2006"}],"replies":[{"embeddable":true,"href":"https:\/\/levangilealecran.com\/index.php?rest_route=%2Fwp%2Fv2%2Fcomments&post=2469"}],"version-history":[{"count":3,"href":"https:\/\/levangilealecran.com\/index.php?rest_route=\/wp\/v2\/posts\/2469\/revisions"}],"predecessor-version":[{"id":2474,"href":"https:\/\/levangilealecran.com\/index.php?rest_route=\/wp\/v2\/posts\/2469\/revisions\/2474"}],"wp:attachment":[{"href":"https:\/\/levangilealecran.com\/index.php?rest_route=%2Fwp%2Fv2%2Fmedia&parent=2469"}],"wp:term":[{"taxonomy":"category","embeddable":true,"href":"https:\/\/levangilealecran.com\/index.php?rest_route=%2Fwp%2Fv2%2Fcategories&post=2469"},{"taxonomy":"post_tag","embeddable":true,"href":"https:\/\/levangilealecran.com\/index.php?rest_route=%2Fwp%2Fv2%2Ftags&post=2469"}],"curies":[{"name":"wp","href":"https:\/\/api.w.org\/{rel}","templated":true}]}}