{"id":2462,"date":"2021-12-31T08:00:00","date_gmt":"2021-12-31T07:00:00","guid":{"rendered":"https:\/\/levangilealecran.com\/?p=2462"},"modified":"2021-12-30T21:44:12","modified_gmt":"2021-12-30T20:44:12","slug":"epiphanie-c-2-janvier-2022","status":"publish","type":"post","link":"https:\/\/levangilealecran.com\/?p=2462","title":{"rendered":"Epiphanie &#8211; C &#8211; 2 janvier 2022"},"content":{"rendered":"\n<blockquote class=\"wp-block-quote is-layout-flow wp-block-quote-is-layout-flow\"><p>Voici que des mages venus d\u2019Orient arriv\u00e8rent \u00e0 J\u00e9rusalem disant\u00a0: \u00ab\u00a0O\u00f9 est le roi des Juifs qui vient de na\u00eetre\u00a0? Nous avons vu son \u00e9toile \u00e0 l\u2019orient et nous sommes venus nous prosterner devant lui.\u00a0\u00bb <br><\/p><cite>Mt 2, 1-2<\/cite><\/blockquote>\n\n\n\n<figure class=\"wp-block-image size-full\"><a href=\"https:\/\/levangilealecran.com\/wp-content\/uploads\/2021\/12\/00mages.jpg\"><img loading=\"lazy\" decoding=\"async\" width=\"364\" height=\"416\" src=\"https:\/\/levangilealecran.com\/wp-content\/uploads\/2021\/12\/00mages.jpg\" alt=\"\" class=\"wp-image-2463\" srcset=\"https:\/\/levangilealecran.com\/wp-content\/uploads\/2021\/12\/00mages.jpg 364w, https:\/\/levangilealecran.com\/wp-content\/uploads\/2021\/12\/00mages-263x300.jpg 263w, https:\/\/levangilealecran.com\/wp-content\/uploads\/2021\/12\/00mages-131x150.jpg 131w\" sizes=\"auto, (max-width: 364px) 100vw, 364px\" \/><\/a><\/figure>\n\n\n\n<p class=\"wp-block-paragraph\"><strong>> Ces mages arrivent de loin \u2013 pays lointain et culture \u00e9trang\u00e8re. C\u2019est une \u00e9toile qui les a mis en route. Isa\u00efe l\u2019avait proph\u00e9tis\u00e9\u00a0: \u00ab\u00a0Les nations marcheront vers ta lumi\u00e8re, et les rois, vers la clart\u00e9 de ton aurore.\u00a0\u00bb (Is 60, 3).<\/strong><\/p>\n\n\n\n<p class=\"wp-block-paragraph\"><strong>> Curieusement, le texte laisse entendre qu\u2019arrivant \u00e0 J\u00e9rusalem l\u2019\u00e9toile qui les guidait a disparu, puisqu\u2019ils doivent demander leur chemin. Leur rencontre avec H\u00e9rode va faire basculer dans le drame un \u00e9v\u00e9nement qui n\u2019aurait \u00e9t\u00e9 que joie et all\u00e9gresse\u00a0: quelques versets plus loin le r\u00e9cit nous apprend qu\u2019H\u00e9rode, fou de rage, fait massacrer les enfants de Bethl\u00e9em. La pr\u00e9sence de ce petit enfant tout nouvellement n\u00e9 d\u00e9chaine la violence en m\u00eame temps qu\u2019elle engendre la joie. Parce que la manifestation \u2013 l\u2019\u00e9piphanie \u2013 de l\u2019amour infini oblige \u00e0 se prononcer pour ou contre, ce petit enfant est, d\u00e8s sa naissance, \u00ab\u00a0signe en butte \u00e0 la contradiction\u00a0\u00bb (Luc 2, 34). D\u00e9j\u00e0 la croix se dresse \u00e0 la cr\u00e8che.<\/strong><\/p>\n\n\n\n<p class=\"wp-block-paragraph\"><strong>> Si la croix est pr\u00e9sente \u00e0 la cr\u00e8che, c\u2019est aussi parce que les mages apportent avec eux non seulement la reconnaissance et l\u2019adoration des peuples, signifi\u00e9e par l\u2019or et l\u2019encens, mais aussi leur peine et leurs souffrances, \u00e9voqu\u00e9es par la myrrhe, qui sera propos\u00e9e en boisson \u00e0 J\u00e9sus en croix (Mc 15, 23). Plus tard, J\u00e9sus dira\u00a0: \u00ab\u00a0Venez \u00e0 moi, vous tous qui peinez et ployez sous le fardeau.\u00a0\u00bb (Mt 11, 28) Ce fardeau trop lourd pour les \u00e9paules humaines, les mages venus de si loin, d\u00e9j\u00e0 le d\u00e9posent aux pieds du petit enfant de la cr\u00e8che.<\/strong><\/p>\n\n\n\n<p class=\"wp-block-paragraph\"><strong>> Avec les mages, allons \u00e0 J\u00e9sus nouveau-n\u00e9, tout \u00e0 la fois exultant de joie et de reconnaissance, et charg\u00e9s des d\u00e9tresses de nos fr\u00e8res et s\u0153urs, porteurs du \u00ab\u00a0cri des pauvres et de celui de la plan\u00e8te.\u00a0\u00bb<\/strong><\/p>\n","protected":false},"excerpt":{"rendered":"<p>Voici que des mages venus d\u2019Orient arriv\u00e8rent \u00e0 J\u00e9rusalem disant\u00a0: \u00ab\u00a0O\u00f9 est le roi des Juifs qui vient de na\u00eetre\u00a0? Nous avons vu son \u00e9toile \u00e0 l\u2019orient et nous sommes venus nous prosterner devant lui.\u00a0\u00bb Mt 2, 1-2 > Ces mages arrivent de loin \u2013 pays lointain et culture \u00e9trang\u00e8re. C\u2019est une \u00e9toile qui les a mis en route. Isa\u00efe l\u2019avait proph\u00e9tis\u00e9\u00a0: \u00ab\u00a0Les nations marcheront vers ta lumi\u00e8re, et les rois, vers la clart\u00e9 de ton aurore.\u00a0\u00bb (Is 60, 3). > Curieusement, le texte laisse entendre qu\u2019arrivant \u00e0 J\u00e9rusalem l\u2019\u00e9toile qui les guidait a disparu, puisqu\u2019ils doivent demander leur chemin. Leur rencontre avec H\u00e9rode va faire basculer dans le drame \u2026 <a class=\"continue-reading-link\" href=\"https:\/\/levangilealecran.com\/?p=2462\"> Continue reading <span class=\"meta-nav\">&rarr; <\/span><\/a><\/p>\n","protected":false},"author":2006,"featured_media":0,"comment_status":"open","ping_status":"open","sticky":false,"template":"","format":"standard","meta":{"footnotes":""},"categories":[4,24,8,201],"tags":[347,68,354,75,30,190],"class_list":["post-2462","post","type-post","status-publish","format-standard","hentry","category-dimanche","category-fetes","category-matthieu","category-noel","tag-creche","tag-croix","tag-etoile","tag-joie","tag-mages","tag-signe"],"_links":{"self":[{"href":"https:\/\/levangilealecran.com\/index.php?rest_route=\/wp\/v2\/posts\/2462","targetHints":{"allow":["GET"]}}],"collection":[{"href":"https:\/\/levangilealecran.com\/index.php?rest_route=\/wp\/v2\/posts"}],"about":[{"href":"https:\/\/levangilealecran.com\/index.php?rest_route=\/wp\/v2\/types\/post"}],"author":[{"embeddable":true,"href":"https:\/\/levangilealecran.com\/index.php?rest_route=\/wp\/v2\/users\/2006"}],"replies":[{"embeddable":true,"href":"https:\/\/levangilealecran.com\/index.php?rest_route=%2Fwp%2Fv2%2Fcomments&post=2462"}],"version-history":[{"count":1,"href":"https:\/\/levangilealecran.com\/index.php?rest_route=\/wp\/v2\/posts\/2462\/revisions"}],"predecessor-version":[{"id":2464,"href":"https:\/\/levangilealecran.com\/index.php?rest_route=\/wp\/v2\/posts\/2462\/revisions\/2464"}],"wp:attachment":[{"href":"https:\/\/levangilealecran.com\/index.php?rest_route=%2Fwp%2Fv2%2Fmedia&parent=2462"}],"wp:term":[{"taxonomy":"category","embeddable":true,"href":"https:\/\/levangilealecran.com\/index.php?rest_route=%2Fwp%2Fv2%2Fcategories&post=2462"},{"taxonomy":"post_tag","embeddable":true,"href":"https:\/\/levangilealecran.com\/index.php?rest_route=%2Fwp%2Fv2%2Ftags&post=2462"}],"curies":[{"name":"wp","href":"https:\/\/api.w.org\/{rel}","templated":true}]}}