{"id":2457,"date":"2022-01-07T08:00:00","date_gmt":"2022-01-07T07:00:00","guid":{"rendered":"https:\/\/levangilealecran.com\/?p=2457"},"modified":"2021-12-22T16:29:05","modified_gmt":"2021-12-22T15:29:05","slug":"bapteme-du-seigneur-c-9-janvier-2022","status":"publish","type":"post","link":"https:\/\/levangilealecran.com\/?p=2457","title":{"rendered":"Bapt\u00eame du Seigneur \u2013 C &#8211; 9 janvier 2022"},"content":{"rendered":"\n<blockquote class=\"wp-block-quote is-layout-flow wp-block-quote-is-layout-flow\"><p>\u00ab Le ciel s\u2019ouvrit. L\u2019Esprit Saint, sous une apparence corporelle, comme une colombe, descendit sur J\u00e9sus \u00bb.<\/p><cite>(Luc 3, 21-22) <\/cite><\/blockquote>\n\n\n\n<figure class=\"wp-block-image size-full is-resized\"><a href=\"https:\/\/levangilealecran.com\/wp-content\/uploads\/2021\/12\/20220109_Lc321-22.png\"><img loading=\"lazy\" decoding=\"async\" src=\"https:\/\/levangilealecran.com\/wp-content\/uploads\/2021\/12\/20220109_Lc321-22.png\" alt=\"\" class=\"wp-image-2458\" width=\"600\" height=\"600\" srcset=\"https:\/\/levangilealecran.com\/wp-content\/uploads\/2021\/12\/20220109_Lc321-22.png 1200w, https:\/\/levangilealecran.com\/wp-content\/uploads\/2021\/12\/20220109_Lc321-22-300x300.png 300w, https:\/\/levangilealecran.com\/wp-content\/uploads\/2021\/12\/20220109_Lc321-22-1024x1024.png 1024w, https:\/\/levangilealecran.com\/wp-content\/uploads\/2021\/12\/20220109_Lc321-22-150x150.png 150w, https:\/\/levangilealecran.com\/wp-content\/uploads\/2021\/12\/20220109_Lc321-22-768x768.png 768w\" sizes=\"auto, (max-width: 600px) 100vw, 600px\" \/><\/a><\/figure>\n\n\n\n<blockquote class=\"wp-block-quote is-layout-flow wp-block-quote-is-layout-flow\"><p><strong>> J\u2019aime bien ce texte qui d\u00e9construit clairement l\u2019image populaire d\u2019un Dieu vieux et barbu qui resterait sur son nuage \u00e0 observer le monde qu\u2019il a cr\u00e9\u00e9.<br>Certes il a s\u00e9par\u00e9 \u00ab les eaux du bas et les eaux du haut \u00bb mais \u00e7a ne veut pas dire non plus qu\u2019il y a une s\u00e9paration infranchissable, sans communication, une perte de lien.<br>Le Christianisme insiste donc bien sur combien Dieu veut venir \u00e0 notre rencontre. \u00ab Adam, o\u00f9 es-tu ? \u00bb. Et quand l\u2019homme se construit une tour pour atteindre Dieu par lui-m\u00eame en le cherchant dans le ciel, le projet risque fort bien de s\u2019\u00e9crouler. Non, c\u2019est Dieu qui descend sur terre et prends forme humaine. Et c\u2019est l\u2019Esprit Dieu qui descend sur nous par un ciel qui \u00ab s\u2019ouvre \u00bb.<br><\/strong><\/p><p><strong>> Cette semaine, et en ce d\u00e9but d\u2019ann\u00e9e, rempli des souvenirs des festivit\u00e9s lumineuses de No\u00ebl, prenons conscience de combien Dieu est proche, comment il s\u2019approche, me parle et me dit \u00ab Tu es mon fils ou ma fille bien aim\u00e9e, en toi je trouve ma joie ! \u00bb<\/strong><\/p><\/blockquote>\n","protected":false},"excerpt":{"rendered":"<p>\u00ab Le ciel s\u2019ouvrit. L\u2019Esprit Saint, sous une apparence corporelle, comme une colombe, descendit sur J\u00e9sus \u00bb. (Luc 3, 21-22) > J\u2019aime bien ce texte qui d\u00e9construit clairement l\u2019image populaire d\u2019un Dieu vieux et barbu qui resterait sur son nuage \u00e0 observer le monde qu\u2019il a cr\u00e9\u00e9.Certes il a s\u00e9par\u00e9 \u00ab les eaux du bas et les eaux du haut \u00bb mais \u00e7a ne veut pas dire non plus qu\u2019il y a une s\u00e9paration infranchissable, sans communication, une perte de lien.Le Christianisme insiste donc bien sur combien Dieu veut venir \u00e0 notre rencontre. \u00ab Adam, o\u00f9 es-tu ? \u00bb. Et quand l\u2019homme se construit une tour pour atteindre Dieu par \u2026 <a class=\"continue-reading-link\" href=\"https:\/\/levangilealecran.com\/?p=2457\"> Continue reading <span class=\"meta-nav\">&rarr; <\/span><\/a><\/p>\n","protected":false},"author":2005,"featured_media":0,"comment_status":"open","ping_status":"open","sticky":false,"template":"","format":"standard","meta":{"footnotes":""},"categories":[4,24,6],"tags":[226,876,86],"class_list":["post-2457","post","type-post","status-publish","format-standard","hentry","category-dimanche","category-fetes","category-luc","tag-bapteme","tag-colombe","tag-esprit-saint"],"_links":{"self":[{"href":"https:\/\/levangilealecran.com\/index.php?rest_route=\/wp\/v2\/posts\/2457","targetHints":{"allow":["GET"]}}],"collection":[{"href":"https:\/\/levangilealecran.com\/index.php?rest_route=\/wp\/v2\/posts"}],"about":[{"href":"https:\/\/levangilealecran.com\/index.php?rest_route=\/wp\/v2\/types\/post"}],"author":[{"embeddable":true,"href":"https:\/\/levangilealecran.com\/index.php?rest_route=\/wp\/v2\/users\/2005"}],"replies":[{"embeddable":true,"href":"https:\/\/levangilealecran.com\/index.php?rest_route=%2Fwp%2Fv2%2Fcomments&post=2457"}],"version-history":[{"count":2,"href":"https:\/\/levangilealecran.com\/index.php?rest_route=\/wp\/v2\/posts\/2457\/revisions"}],"predecessor-version":[{"id":2460,"href":"https:\/\/levangilealecran.com\/index.php?rest_route=\/wp\/v2\/posts\/2457\/revisions\/2460"}],"wp:attachment":[{"href":"https:\/\/levangilealecran.com\/index.php?rest_route=%2Fwp%2Fv2%2Fmedia&parent=2457"}],"wp:term":[{"taxonomy":"category","embeddable":true,"href":"https:\/\/levangilealecran.com\/index.php?rest_route=%2Fwp%2Fv2%2Fcategories&post=2457"},{"taxonomy":"post_tag","embeddable":true,"href":"https:\/\/levangilealecran.com\/index.php?rest_route=%2Fwp%2Fv2%2Ftags&post=2457"}],"curies":[{"name":"wp","href":"https:\/\/api.w.org\/{rel}","templated":true}]}}