{"id":2453,"date":"2021-12-24T08:00:00","date_gmt":"2021-12-24T07:00:00","guid":{"rendered":"https:\/\/levangilealecran.com\/?p=2453"},"modified":"2021-12-16T11:53:16","modified_gmt":"2021-12-16T10:53:16","slug":"noel-c-joyeux-noel","status":"publish","type":"post","link":"https:\/\/levangilealecran.com\/?p=2453","title":{"rendered":"No\u00ebl &#8211; C &#8211; Joyeux No\u00ebl !"},"content":{"rendered":"\n<p class=\"wp-block-paragraph\">\u00ab En ces jours-l\u00e0\u2026 \u00bb (Lc 2,1)<br><\/p>\n\n\n\n<figure class=\"wp-block-image size-large\"><a href=\"https:\/\/levangilealecran.com\/wp-content\/uploads\/2021\/12\/EALE-24-decembre-2021-Lc-2-1.png\"><img loading=\"lazy\" decoding=\"async\" width=\"1024\" height=\"716\" src=\"https:\/\/levangilealecran.com\/wp-content\/uploads\/2021\/12\/EALE-24-decembre-2021-Lc-2-1-1024x716.png\" alt=\"\" class=\"wp-image-2454\" srcset=\"https:\/\/levangilealecran.com\/wp-content\/uploads\/2021\/12\/EALE-24-decembre-2021-Lc-2-1-1024x716.png 1024w, https:\/\/levangilealecran.com\/wp-content\/uploads\/2021\/12\/EALE-24-decembre-2021-Lc-2-1-300x210.png 300w, https:\/\/levangilealecran.com\/wp-content\/uploads\/2021\/12\/EALE-24-decembre-2021-Lc-2-1-768x537.png 768w, https:\/\/levangilealecran.com\/wp-content\/uploads\/2021\/12\/EALE-24-decembre-2021-Lc-2-1-150x105.png 150w, https:\/\/levangilealecran.com\/wp-content\/uploads\/2021\/12\/EALE-24-decembre-2021-Lc-2-1-214x150.png 214w, https:\/\/levangilealecran.com\/wp-content\/uploads\/2021\/12\/EALE-24-decembre-2021-Lc-2-1.png 1141w\" sizes=\"auto, (max-width: 1024px) 100vw, 1024px\" \/><\/a><\/figure>\n\n\n\n<p class=\"wp-block-paragraph\"><strong>> D\u00e8s que l\u2019on entend ce d\u00e9but de phrase, on sait ce qui va suivre. L\u2019\u00e9dit de l\u2019empereur Auguste, le recensement, Joseph et Marie, enceinte, qui font route, et puis les jours de l\u2019accouchement qui arrivent, le manque de place \u00e0 l\u2019auberge, l\u2019\u00e9table, les bergers, une naissance qui changea la face du monde.<\/strong><\/p>\n\n\n\n<p class=\"wp-block-paragraph\"><strong>> Mais ce n\u2019est pas qu\u2019une jolie histoire \u00e0 raconter fa\u00e7on \u00ab conte de No\u00ebl \u00bb, que ce soit sous le sapin, au temple, \u00e0 la messe ou dans un livre. C\u2019est l\u2019aujourd\u2019hui de notre vie. Le salut est venu pour nous, AUJOURD\u2019HUI.<\/strong><\/p>\n\n\n\n<p class=\"wp-block-paragraph\"><strong>> Cette expression \u00ab en ces jours-l\u00e0 \u00bb est incroyablement actuelle, en r\u00e9alit\u00e9. C\u2019est en ces jours de CoVid que J\u00e9sus revient dans notre monde. Ces-jours-l\u00e0\u2026 ce sont ces jours-ci ! Cette histoire n\u2019a jamais \u00e9t\u00e9 autant d\u2019actualit\u00e9 que le jour o\u00f9 on la transmet, peut-\u00eatre pour la centi\u00e8me fois, \u00e0 quelqu\u2019un qui sait l\u2019\u00e9couter de fa\u00e7on toujours nouvelle.<\/strong><\/p>\n\n\n\n<p class=\"wp-block-paragraph\"><strong>> Alors non, d\u00e8s que nous entendons \u00ab en ces jours-l\u00e0 \u00bb, ne croyons pas conna\u00eetre la suite. Ecoutons ! Soyons attentifs \u00e0 l\u2019histoire qui va nous \u00eatre racont\u00e9e. C\u2019est l\u2019histoire de l\u2019aujourd\u2019hui de nos vies, c\u2019est l\u2019histoire du salut en 2021. Joyeux No\u00ebl \u00e0 Chacune et Chacun !<\/strong><\/p>\n","protected":false},"excerpt":{"rendered":"<p>\u00ab En ces jours-l\u00e0\u2026 \u00bb (Lc 2,1) > D\u00e8s que l\u2019on entend ce d\u00e9but de phrase, on sait ce qui va suivre. L\u2019\u00e9dit de l\u2019empereur Auguste, le recensement, Joseph et Marie, enceinte, qui font route, et puis les jours de l\u2019accouchement qui arrivent, le manque de place \u00e0 l\u2019auberge, l\u2019\u00e9table, les bergers, une naissance qui changea la face du monde. > Mais ce n\u2019est pas qu\u2019une jolie histoire \u00e0 raconter fa\u00e7on \u00ab conte de No\u00ebl \u00bb, que ce soit sous le sapin, au temple, \u00e0 la messe ou dans un livre. C\u2019est l\u2019aujourd\u2019hui de notre vie. Le salut est venu pour nous, AUJOURD\u2019HUI. > Cette expression \u00ab en ces jours-l\u00e0 \u2026 <a class=\"continue-reading-link\" href=\"https:\/\/levangilealecran.com\/?p=2453\"> Continue reading <span class=\"meta-nav\">&rarr; <\/span><\/a><\/p>\n","protected":false},"author":2006,"featured_media":0,"comment_status":"open","ping_status":"open","sticky":false,"template":"","format":"standard","meta":{"footnotes":""},"categories":[4,24,6,201],"tags":[862,200,435,352],"class_list":["post-2453","post","type-post","status-publish","format-standard","hentry","category-dimanche","category-fetes","category-luc","category-noel","tag-ecouter-2","tag-naissance","tag-noel","tag-salut"],"_links":{"self":[{"href":"https:\/\/levangilealecran.com\/index.php?rest_route=\/wp\/v2\/posts\/2453","targetHints":{"allow":["GET"]}}],"collection":[{"href":"https:\/\/levangilealecran.com\/index.php?rest_route=\/wp\/v2\/posts"}],"about":[{"href":"https:\/\/levangilealecran.com\/index.php?rest_route=\/wp\/v2\/types\/post"}],"author":[{"embeddable":true,"href":"https:\/\/levangilealecran.com\/index.php?rest_route=\/wp\/v2\/users\/2006"}],"replies":[{"embeddable":true,"href":"https:\/\/levangilealecran.com\/index.php?rest_route=%2Fwp%2Fv2%2Fcomments&post=2453"}],"version-history":[{"count":1,"href":"https:\/\/levangilealecran.com\/index.php?rest_route=\/wp\/v2\/posts\/2453\/revisions"}],"predecessor-version":[{"id":2455,"href":"https:\/\/levangilealecran.com\/index.php?rest_route=\/wp\/v2\/posts\/2453\/revisions\/2455"}],"wp:attachment":[{"href":"https:\/\/levangilealecran.com\/index.php?rest_route=%2Fwp%2Fv2%2Fmedia&parent=2453"}],"wp:term":[{"taxonomy":"category","embeddable":true,"href":"https:\/\/levangilealecran.com\/index.php?rest_route=%2Fwp%2Fv2%2Fcategories&post=2453"},{"taxonomy":"post_tag","embeddable":true,"href":"https:\/\/levangilealecran.com\/index.php?rest_route=%2Fwp%2Fv2%2Ftags&post=2453"}],"curies":[{"name":"wp","href":"https:\/\/api.w.org\/{rel}","templated":true}]}}