{"id":2450,"date":"2021-12-17T08:00:00","date_gmt":"2021-12-17T07:00:00","guid":{"rendered":"https:\/\/levangilealecran.com\/?p=2450"},"modified":"2021-12-16T11:49:17","modified_gmt":"2021-12-16T10:49:17","slug":"4e-dimanche-de-lavent-c-19-decembre-2021","status":"publish","type":"post","link":"https:\/\/levangilealecran.com\/?p=2450","title":{"rendered":"4e dimanche de l\u2019Avent \u2013 C \u2013 19 d\u00e9cembre 2021"},"content":{"rendered":"\n<blockquote class=\"wp-block-quote is-layout-flow wp-block-quote-is-layout-flow\"><p>\u00ab\u00a0Et d&rsquo;o\u00f9 me vient ceci,<\/p><p>que la m\u00e8re de mon Seigneur vienne vers moi ?\u00a0\u00bb<\/p><cite>(Luc 1, 43)<\/cite><\/blockquote>\n\n\n\n<figure class=\"wp-block-image size-large\"><a href=\"https:\/\/levangilealecran.com\/wp-content\/uploads\/2021\/12\/pregnant-2568594-scaled.jpg\"><img loading=\"lazy\" decoding=\"async\" width=\"1024\" height=\"235\" src=\"https:\/\/levangilealecran.com\/wp-content\/uploads\/2021\/12\/pregnant-2568594-1024x235.jpg\" alt=\"\" class=\"wp-image-2451\" srcset=\"https:\/\/levangilealecran.com\/wp-content\/uploads\/2021\/12\/pregnant-2568594-1024x235.jpg 1024w, https:\/\/levangilealecran.com\/wp-content\/uploads\/2021\/12\/pregnant-2568594-300x69.jpg 300w, https:\/\/levangilealecran.com\/wp-content\/uploads\/2021\/12\/pregnant-2568594-768x176.jpg 768w, https:\/\/levangilealecran.com\/wp-content\/uploads\/2021\/12\/pregnant-2568594-1536x352.jpg 1536w, https:\/\/levangilealecran.com\/wp-content\/uploads\/2021\/12\/pregnant-2568594-2048x470.jpg 2048w, https:\/\/levangilealecran.com\/wp-content\/uploads\/2021\/12\/pregnant-2568594-150x34.jpg 150w, https:\/\/levangilealecran.com\/wp-content\/uploads\/2021\/12\/pregnant-2568594-250x57.jpg 250w, https:\/\/levangilealecran.com\/wp-content\/uploads\/2021\/12\/pregnant-2568594-1320x303.jpg 1320w\" sizes=\"auto, (max-width: 1024px) 100vw, 1024px\" \/><\/a><\/figure>\n\n\n\n<p class=\"wp-block-paragraph\"><br>ETONNEMENT<\/p>\n\n\n\n<p class=\"wp-block-paragraph\"><strong>> Voil\u00e0 bien une des situations les plus \u00e9tonnantes de la Bible ! Dans une \u00e9poque recul\u00e9e o\u00f9 la soci\u00e9t\u00e9 n\u2019\u00e9tait pas encore technicienne, Elisabeth, une femme ordinaire, per\u00e7oit des choses invisibles \u00e0 l\u2019\u0153il nu. Comment pouvait-elle savoir que sa cousine Marie \u00e9tait enceinte ? \u00c9tait-ce visible \u00e0 travers ces v\u00eatements amples de l\u2019\u00e9poque ? De plus, enceinte d\u2019un gar\u00e7on, alors que l\u2019\u00e9chographie n\u2019\u00e9tait pas encore invent\u00e9e ? et qui plus est, comment pouvait-elle consid\u00e9rer que ce petit \u00eatre en formation \u00e9tait son Seigneur ? Etonnant, non !<\/strong><\/p>\n\n\n\n<p class=\"wp-block-paragraph\"><strong>> La r\u00e9ponse est peut-\u00eatre dans cette pr\u00e9cision que l\u2019\u00e9vang\u00e9liste Luc rapporte : \u00c9lisabeth fut remplie de l&rsquo;Esprit Saint. J\u00e9sus donnera trois titres \u00e0 cet Esprit : Paraclet, Esprit de v\u00e9rit\u00e9, Saint-Esprit. A propos de cet Esprit, J\u00e9sus dira plus tard \u00e0 ses disciples : il vous est avantageux que je m&rsquo;en aille, car, je vous enverrai un paraclet. Quand il sera venu, l&rsquo;Esprit de v\u00e9rit\u00e9, il vous conduira dans toute la v\u00e9rit\u00e9. (Jean 16, 7 et 13). Elisabeth a re\u00e7u avant l\u2019heure cet Esprit. C\u2019est Lui qui l\u2019a conduite dans toute la v\u00e9rit\u00e9. Chose \u00e9tonnante, la situation exceptionnelle d\u2019Elisabeth est devenue pour nous une situation ordinaire. J\u00e9sus l\u2019a promis, et Il tient ses promesses. Est-ce que je pr\u00eate foi \u00e0 ses propos ? Viens en aide \u00e0 mon incr\u00e9dulit\u00e9 !<\/strong><\/p>\n","protected":false},"excerpt":{"rendered":"<p>\u00ab\u00a0Et d&rsquo;o\u00f9 me vient ceci, que la m\u00e8re de mon Seigneur vienne vers moi ?\u00a0\u00bb (Luc 1, 43) ETONNEMENT > Voil\u00e0 bien une des situations les plus \u00e9tonnantes de la Bible ! Dans une \u00e9poque recul\u00e9e o\u00f9 la soci\u00e9t\u00e9 n\u2019\u00e9tait pas encore technicienne, Elisabeth, une femme ordinaire, per\u00e7oit des choses invisibles \u00e0 l\u2019\u0153il nu. Comment pouvait-elle savoir que sa cousine Marie \u00e9tait enceinte ? \u00c9tait-ce visible \u00e0 travers ces v\u00eatements amples de l\u2019\u00e9poque ? De plus, enceinte d\u2019un gar\u00e7on, alors que l\u2019\u00e9chographie n\u2019\u00e9tait pas encore invent\u00e9e ? et qui plus est, comment pouvait-elle consid\u00e9rer que ce petit \u00eatre en formation \u00e9tait son Seigneur ? Etonnant, non ! > La r\u00e9ponse \u2026 <a class=\"continue-reading-link\" href=\"https:\/\/levangilealecran.com\/?p=2450\"> Continue reading <span class=\"meta-nav\">&rarr; <\/span><\/a><\/p>\n","protected":false},"author":2006,"featured_media":0,"comment_status":"open","ping_status":"open","sticky":false,"template":"","format":"standard","meta":{"footnotes":""},"categories":[147,4,6],"tags":[807,76,875,12,52],"class_list":["post-2450","post","type-post","status-publish","format-standard","hentry","category-avent-2","category-dimanche","category-luc","tag-esprit-saint-2","tag-foi","tag-promesses","tag-verite","tag-vie"],"_links":{"self":[{"href":"https:\/\/levangilealecran.com\/index.php?rest_route=\/wp\/v2\/posts\/2450","targetHints":{"allow":["GET"]}}],"collection":[{"href":"https:\/\/levangilealecran.com\/index.php?rest_route=\/wp\/v2\/posts"}],"about":[{"href":"https:\/\/levangilealecran.com\/index.php?rest_route=\/wp\/v2\/types\/post"}],"author":[{"embeddable":true,"href":"https:\/\/levangilealecran.com\/index.php?rest_route=\/wp\/v2\/users\/2006"}],"replies":[{"embeddable":true,"href":"https:\/\/levangilealecran.com\/index.php?rest_route=%2Fwp%2Fv2%2Fcomments&post=2450"}],"version-history":[{"count":1,"href":"https:\/\/levangilealecran.com\/index.php?rest_route=\/wp\/v2\/posts\/2450\/revisions"}],"predecessor-version":[{"id":2452,"href":"https:\/\/levangilealecran.com\/index.php?rest_route=\/wp\/v2\/posts\/2450\/revisions\/2452"}],"wp:attachment":[{"href":"https:\/\/levangilealecran.com\/index.php?rest_route=%2Fwp%2Fv2%2Fmedia&parent=2450"}],"wp:term":[{"taxonomy":"category","embeddable":true,"href":"https:\/\/levangilealecran.com\/index.php?rest_route=%2Fwp%2Fv2%2Fcategories&post=2450"},{"taxonomy":"post_tag","embeddable":true,"href":"https:\/\/levangilealecran.com\/index.php?rest_route=%2Fwp%2Fv2%2Ftags&post=2450"}],"curies":[{"name":"wp","href":"https:\/\/api.w.org\/{rel}","templated":true}]}}