{"id":2445,"date":"2021-12-10T08:00:00","date_gmt":"2021-12-10T07:00:00","guid":{"rendered":"https:\/\/levangilealecran.com\/?p=2445"},"modified":"2021-12-07T21:56:20","modified_gmt":"2021-12-07T20:56:20","slug":"3e-dimanche-de-lavent-c-12-decembre-2021","status":"publish","type":"post","link":"https:\/\/levangilealecran.com\/?p=2445","title":{"rendered":"3e dimanche de l\u2019Avent \u2013 C \u2013 12 d\u00e9cembre 2021"},"content":{"rendered":"\n<blockquote class=\"wp-block-quote is-layout-flow wp-block-quote-is-layout-flow\"><p>\u00ab\u00a0N\u2019exigez rien de plus que ce qui vous est fix\u00e9. \u00bb<\/p><cite>(Luc 3,13)<\/cite><\/blockquote>\n\n\n\n<figure class=\"wp-block-image size-full\"><a href=\"https:\/\/levangilealecran.com\/wp-content\/uploads\/2021\/12\/ImageEvEcr2021_12_12.jpg\"><img loading=\"lazy\" decoding=\"async\" width=\"600\" height=\"600\" src=\"https:\/\/levangilealecran.com\/wp-content\/uploads\/2021\/12\/ImageEvEcr2021_12_12.jpg\" alt=\"\" class=\"wp-image-2446\" srcset=\"https:\/\/levangilealecran.com\/wp-content\/uploads\/2021\/12\/ImageEvEcr2021_12_12.jpg 600w, https:\/\/levangilealecran.com\/wp-content\/uploads\/2021\/12\/ImageEvEcr2021_12_12-300x300.jpg 300w, https:\/\/levangilealecran.com\/wp-content\/uploads\/2021\/12\/ImageEvEcr2021_12_12-150x150.jpg 150w\" sizes=\"auto, (max-width: 600px) 100vw, 600px\" \/><\/a><\/figure>\n\n\n\n<p class=\"wp-block-paragraph\"><strong>> \u00ab\u00a0Que devons-nous faire\u00a0?\u00a0\u00bb La foule est en attente d\u2019une r\u00e9ponse. En attente de sens. En attente d\u2019un Sauveur. Lorsqu\u2019ils sont dans l\u2019attente, les humains ont le regard \u00e9veill\u00e9, le c\u0153ur disponible, les sens aiguis\u00e9s. La parole de Jean-Baptiste retentit avec d\u2019autant plus de profondeur qu\u2019elle est universelle\u00a0: les uns sont invit\u00e9s au partage, les autres (collecteurs d\u2019imp\u00f4ts) sont invit\u00e9s \u00e0 \u00ab\u00a0ne rien n\u2019exiger de plus que ce qui est fix\u00e9\u00a0\u00bb.<\/strong><\/p>\n\n\n\n<p class=\"wp-block-paragraph\"><strong>> Et nous, dans notre situation sanitaire, dans notre attente, que devons-nous faire\u00a0? Avoir le regard \u00e9veill\u00e9, le c\u0153ur disponible, les sens aiguis\u00e9s, pour guetter les signes de lumi\u00e8re de ce temps d\u2019Avent. Et m\u00e9diter nous aussi ces paroles de Jean-Baptiste invitant au partage et \u00e0 la modestie. Ne rien exiger de plus que ce qui est fix\u00e9\u00a0: et si la joie se logeait dans la simplicit\u00e9 de cette phrase\u00a0? Faire juste ce qui nous est demand\u00e9, pas plus, pas moins. Ne rien exiger des autres, mais aussi de moi-m\u00eame, de plus que ce qui est fix\u00e9, permet finalement de me r\u00e9jouir.<\/strong><\/p>\n\n\n\n<p class=\"wp-block-paragraph\"><strong>> Prendre un chemin d\u2019humilit\u00e9 et de simplicit\u00e9, de partage aussi, en voil\u00e0 un beau et bon programme pour notre attente.<\/strong><\/p>\n","protected":false},"excerpt":{"rendered":"<p>\u00ab\u00a0N\u2019exigez rien de plus que ce qui vous est fix\u00e9. \u00bb (Luc 3,13) > \u00ab\u00a0Que devons-nous faire\u00a0?\u00a0\u00bb La foule est en attente d\u2019une r\u00e9ponse. En attente de sens. En attente d\u2019un Sauveur. Lorsqu\u2019ils sont dans l\u2019attente, les humains ont le regard \u00e9veill\u00e9, le c\u0153ur disponible, les sens aiguis\u00e9s. La parole de Jean-Baptiste retentit avec d\u2019autant plus de profondeur qu\u2019elle est universelle\u00a0: les uns sont invit\u00e9s au partage, les autres (collecteurs d\u2019imp\u00f4ts) sont invit\u00e9s \u00e0 \u00ab\u00a0ne rien n\u2019exiger de plus que ce qui est fix\u00e9\u00a0\u00bb. > Et nous, dans notre situation sanitaire, dans notre attente, que devons-nous faire\u00a0? Avoir le regard \u00e9veill\u00e9, le c\u0153ur disponible, les sens aiguis\u00e9s, pour guetter les \u2026 <a class=\"continue-reading-link\" href=\"https:\/\/levangilealecran.com\/?p=2445\"> Continue reading <span class=\"meta-nav\">&rarr; <\/span><\/a><\/p>\n","protected":false},"author":2006,"featured_media":0,"comment_status":"open","ping_status":"open","sticky":false,"template":"","format":"standard","meta":{"footnotes":""},"categories":[147,4,6],"tags":[71,874,124,169,75,42,166],"class_list":["post-2445","post","type-post","status-publish","format-standard","hentry","category-avent-2","category-dimanche","category-luc","tag-attente","tag-foule","tag-humilite","tag-jean-baptiste","tag-joie","tag-partage","tag-simplicite"],"_links":{"self":[{"href":"https:\/\/levangilealecran.com\/index.php?rest_route=\/wp\/v2\/posts\/2445","targetHints":{"allow":["GET"]}}],"collection":[{"href":"https:\/\/levangilealecran.com\/index.php?rest_route=\/wp\/v2\/posts"}],"about":[{"href":"https:\/\/levangilealecran.com\/index.php?rest_route=\/wp\/v2\/types\/post"}],"author":[{"embeddable":true,"href":"https:\/\/levangilealecran.com\/index.php?rest_route=\/wp\/v2\/users\/2006"}],"replies":[{"embeddable":true,"href":"https:\/\/levangilealecran.com\/index.php?rest_route=%2Fwp%2Fv2%2Fcomments&post=2445"}],"version-history":[{"count":1,"href":"https:\/\/levangilealecran.com\/index.php?rest_route=\/wp\/v2\/posts\/2445\/revisions"}],"predecessor-version":[{"id":2447,"href":"https:\/\/levangilealecran.com\/index.php?rest_route=\/wp\/v2\/posts\/2445\/revisions\/2447"}],"wp:attachment":[{"href":"https:\/\/levangilealecran.com\/index.php?rest_route=%2Fwp%2Fv2%2Fmedia&parent=2445"}],"wp:term":[{"taxonomy":"category","embeddable":true,"href":"https:\/\/levangilealecran.com\/index.php?rest_route=%2Fwp%2Fv2%2Fcategories&post=2445"},{"taxonomy":"post_tag","embeddable":true,"href":"https:\/\/levangilealecran.com\/index.php?rest_route=%2Fwp%2Fv2%2Ftags&post=2445"}],"curies":[{"name":"wp","href":"https:\/\/api.w.org\/{rel}","templated":true}]}}