{"id":2440,"date":"2021-12-03T08:00:00","date_gmt":"2021-12-03T07:00:00","guid":{"rendered":"https:\/\/levangilealecran.com\/?p=2440"},"modified":"2021-12-02T23:33:48","modified_gmt":"2021-12-02T22:33:48","slug":"2e-dimanche-de-lavent-c-5-decembre-2021","status":"publish","type":"post","link":"https:\/\/levangilealecran.com\/?p=2440","title":{"rendered":"2e dimanche de l\u2019Avent \u2013 C \u2013 5 d\u00e9cembre 2021"},"content":{"rendered":"\n<blockquote class=\"wp-block-quote is-layout-flow wp-block-quote-is-layout-flow\"><p>Voix de celui qui crie dans le d\u00e9sert !<\/p><cite>(Luc 3, 4 citant Esa\u00efe 40, 3)<\/cite><\/blockquote>\n\n\n\n<figure class=\"wp-block-image size-full is-resized is-style-default\"><a href=\"https:\/\/levangilealecran.com\/wp-content\/uploads\/2021\/12\/20211205_Lc34.png\"><img loading=\"lazy\" decoding=\"async\" src=\"https:\/\/levangilealecran.com\/wp-content\/uploads\/2021\/12\/20211205_Lc34.png\" alt=\"\" class=\"wp-image-2441\" width=\"600\" height=\"600\" srcset=\"https:\/\/levangilealecran.com\/wp-content\/uploads\/2021\/12\/20211205_Lc34.png 1200w, https:\/\/levangilealecran.com\/wp-content\/uploads\/2021\/12\/20211205_Lc34-300x300.png 300w, https:\/\/levangilealecran.com\/wp-content\/uploads\/2021\/12\/20211205_Lc34-1024x1024.png 1024w, https:\/\/levangilealecran.com\/wp-content\/uploads\/2021\/12\/20211205_Lc34-150x150.png 150w, https:\/\/levangilealecran.com\/wp-content\/uploads\/2021\/12\/20211205_Lc34-768x768.png 768w, https:\/\/levangilealecran.com\/wp-content\/uploads\/2021\/12\/20211205_Lc34-600x600.png 600w\" sizes=\"auto, (max-width: 600px) 100vw, 600px\" \/><\/a><\/figure>\n\n\n\n<blockquote class=\"wp-block-quote is-layout-flow wp-block-quote-is-layout-flow\"><p><strong>> Dans ce verset il y a une notion d\u2019urgence : on crie quand c\u2019est vital, important et que l\u2019on veut \u00eatre entendu, soit parce que les destinataires sont loin du message, soit parce qu\u2019ils sont dans le bruit. Notons au passage que s&rsquo;il y a une voix, c&rsquo;est que nous ne sommes pas seul dans les d\u00e9serts qui semblent nous entourer parfois.<br>L\u2019\u00c9vangile cite Esa\u00efe\/Isa\u00efe : pr\u00e9parons la route pour que le Seigneur puisse intervenir dans nos vies. Il comble les vides (\u00e9motionnels ? existentiels ?). Il aplani les montagnes qui sont autant d\u2019obstacles qui nous g\u00e2chent l\u2019horizon, emp\u00eachant de voir ce qui est d\u00e9j\u00e0 l\u00e0 : le salut de Dieu !<\/strong><\/p><p><strong><br>>En ce 2\u00e8me dimanche de l\u2019Avent, comme Jean Baptiste nous le propose, pr\u00e9parerons-nous \u00e0 accueillir J\u00e9sus qui vient ! Soyez b\u00e9nis sur le chemin vers No\u00ebl !<\/strong><\/p><\/blockquote>\n","protected":false},"excerpt":{"rendered":"<p>Voix de celui qui crie dans le d\u00e9sert ! (Luc 3, 4 citant Esa\u00efe 40, 3) > Dans ce verset il y a une notion d\u2019urgence : on crie quand c\u2019est vital, important et que l\u2019on veut \u00eatre entendu, soit parce que les destinataires sont loin du message, soit parce qu\u2019ils sont dans le bruit. Notons au passage que s&rsquo;il y a une voix, c&rsquo;est que nous ne sommes pas seul dans les d\u00e9serts qui semblent nous entourer parfois.L\u2019\u00c9vangile cite Esa\u00efe\/Isa\u00efe : pr\u00e9parons la route pour que le Seigneur puisse intervenir dans nos vies. Il comble les vides (\u00e9motionnels ? existentiels ?). Il aplani les montagnes qui sont autant d\u2019obstacles \u2026 <a class=\"continue-reading-link\" href=\"https:\/\/levangilealecran.com\/?p=2440\"> Continue reading <span class=\"meta-nav\">&rarr; <\/span><\/a><\/p>\n","protected":false},"author":2005,"featured_media":0,"comment_status":"open","ping_status":"open","sticky":false,"template":"","format":"standard","meta":{"footnotes":""},"categories":[147,4,24,6,201],"tags":[357,289,626,330],"class_list":["post-2440","post","type-post","status-publish","format-standard","hentry","category-avent-2","category-dimanche","category-fetes","category-luc","category-noel","tag-conversion","tag-desert","tag-preparer","tag-voix"],"_links":{"self":[{"href":"https:\/\/levangilealecran.com\/index.php?rest_route=\/wp\/v2\/posts\/2440","targetHints":{"allow":["GET"]}}],"collection":[{"href":"https:\/\/levangilealecran.com\/index.php?rest_route=\/wp\/v2\/posts"}],"about":[{"href":"https:\/\/levangilealecran.com\/index.php?rest_route=\/wp\/v2\/types\/post"}],"author":[{"embeddable":true,"href":"https:\/\/levangilealecran.com\/index.php?rest_route=\/wp\/v2\/users\/2005"}],"replies":[{"embeddable":true,"href":"https:\/\/levangilealecran.com\/index.php?rest_route=%2Fwp%2Fv2%2Fcomments&post=2440"}],"version-history":[{"count":1,"href":"https:\/\/levangilealecran.com\/index.php?rest_route=\/wp\/v2\/posts\/2440\/revisions"}],"predecessor-version":[{"id":2442,"href":"https:\/\/levangilealecran.com\/index.php?rest_route=\/wp\/v2\/posts\/2440\/revisions\/2442"}],"wp:attachment":[{"href":"https:\/\/levangilealecran.com\/index.php?rest_route=%2Fwp%2Fv2%2Fmedia&parent=2440"}],"wp:term":[{"taxonomy":"category","embeddable":true,"href":"https:\/\/levangilealecran.com\/index.php?rest_route=%2Fwp%2Fv2%2Fcategories&post=2440"},{"taxonomy":"post_tag","embeddable":true,"href":"https:\/\/levangilealecran.com\/index.php?rest_route=%2Fwp%2Fv2%2Ftags&post=2440"}],"curies":[{"name":"wp","href":"https:\/\/api.w.org\/{rel}","templated":true}]}}