{"id":2434,"date":"2021-11-26T08:00:00","date_gmt":"2021-11-26T07:00:00","guid":{"rendered":"https:\/\/levangilealecran.com\/?p=2434"},"modified":"2021-11-25T20:18:31","modified_gmt":"2021-11-25T19:18:31","slug":"1er-dimanche-de-lavent-c-28-novembre-2021","status":"publish","type":"post","link":"https:\/\/levangilealecran.com\/?p=2434","title":{"rendered":"1er dimanche de l&rsquo;Avent &#8211; C &#8211; 28 novembre 2021"},"content":{"rendered":"\n<blockquote class=\"wp-block-quote is-layout-flow wp-block-quote-is-layout-flow\"><p>\u00ab\u00a0Quand ces \u00e9v\u00e9nements commenceront,<br>redressez-vous et relevez la t\u00eate,<br>car votre r\u00e9demption approche.\u00a0\u00bb<\/p><cite>Luc 21, 28<\/cite><\/blockquote>\n\n\n\n<figure class=\"wp-block-image size-large\"><a href=\"https:\/\/levangilealecran.com\/wp-content\/uploads\/2021\/11\/pexels-elia-clerici-2004630-scaled.jpg\"><img loading=\"lazy\" decoding=\"async\" width=\"1024\" height=\"683\" src=\"https:\/\/levangilealecran.com\/wp-content\/uploads\/2021\/11\/pexels-elia-clerici-2004630-1024x683.jpg\" alt=\"\" class=\"wp-image-2435\" srcset=\"https:\/\/levangilealecran.com\/wp-content\/uploads\/2021\/11\/pexels-elia-clerici-2004630-1024x683.jpg 1024w, https:\/\/levangilealecran.com\/wp-content\/uploads\/2021\/11\/pexels-elia-clerici-2004630-300x200.jpg 300w, https:\/\/levangilealecran.com\/wp-content\/uploads\/2021\/11\/pexels-elia-clerici-2004630-768x512.jpg 768w, https:\/\/levangilealecran.com\/wp-content\/uploads\/2021\/11\/pexels-elia-clerici-2004630-600x400.jpg 600w, https:\/\/levangilealecran.com\/wp-content\/uploads\/2021\/11\/pexels-elia-clerici-2004630-1536x1024.jpg 1536w, https:\/\/levangilealecran.com\/wp-content\/uploads\/2021\/11\/pexels-elia-clerici-2004630-2048x1365.jpg 2048w, https:\/\/levangilealecran.com\/wp-content\/uploads\/2021\/11\/pexels-elia-clerici-2004630-150x100.jpg 150w, https:\/\/levangilealecran.com\/wp-content\/uploads\/2021\/11\/pexels-elia-clerici-2004630-225x150.jpg 225w, https:\/\/levangilealecran.com\/wp-content\/uploads\/2021\/11\/pexels-elia-clerici-2004630-1320x880.jpg 1320w\" sizes=\"auto, (max-width: 1024px) 100vw, 1024px\" \/><\/a><\/figure>\n\n\n\n<p class=\"wp-block-paragraph\"><strong>> Oh qu\u2019il est difficile ce texte qui \u00e9voque les temp\u00eates du monde et la frayeur d\u2019une v\u00e9ritable Apocalypse\u2026 Et comme il r\u00e9sonne fort avec les \u00e9v\u00e9nements de cette semaine\u00a0! Mais entre les deux passages choisis pour le lectionnaire, il y a cette parabole du figuier qui fleurit (vv.29-33) et qui annonce le retour du Christ comme une future explosion de floraison!\u00a0Alors si de ce retour, nous arr\u00eations de scruter l&rsquo;horizon pour en discerner le moment, mais bel et bien nous mettre en \u00e9tat de veiller \u00e0 en voir les signes au quotidien\u00a0?<\/strong><\/p>\n\n\n\n<p class=\"wp-block-paragraph\">> <strong>Oui, le Fils de l\u2019homme viendra. Ou plut\u00f4t, lisons le texte au pr\u00e9sent : quand vous \u00eates dans la peur et la crainte du malheur, tellement \u00e9branl\u00e9s et boulevers\u00e9s, c\u2019est alors que le Fils de l\u2019homme vient : il vient habiter votre peur.\u00a0Alors tu vois le Fils de l\u2019homme\u2026 alors tu te redresses et rel\u00e8ves la t\u00eate, car ta d\u00e9livrance est proche&#8230; Quand le Christ vient, tout peut arriver : les possibles qui nous habitent s&rsquo;ouvrent et sortent de terre&#8230; comme lorsque le printemps transforme et habille de couleurs les jardins. Amen\u00a0!<\/strong><\/p>\n","protected":false},"excerpt":{"rendered":"<p>\u00ab\u00a0Quand ces \u00e9v\u00e9nements commenceront,redressez-vous et relevez la t\u00eate,car votre r\u00e9demption approche.\u00a0\u00bb Luc 21, 28 > Oh qu\u2019il est difficile ce texte qui \u00e9voque les temp\u00eates du monde et la frayeur d\u2019une v\u00e9ritable Apocalypse\u2026 Et comme il r\u00e9sonne fort avec les \u00e9v\u00e9nements de cette semaine\u00a0! Mais entre les deux passages choisis pour le lectionnaire, il y a cette parabole du figuier qui fleurit (vv.29-33) et qui annonce le retour du Christ comme une future explosion de floraison!\u00a0Alors si de ce retour, nous arr\u00eations de scruter l&rsquo;horizon pour en discerner le moment, mais bel et bien nous mettre en \u00e9tat de veiller \u00e0 en voir les signes au quotidien\u00a0? > Oui, le \u2026 <a class=\"continue-reading-link\" href=\"https:\/\/levangilealecran.com\/?p=2434\"> Continue reading <span class=\"meta-nav\">&rarr; <\/span><\/a><\/p>\n","protected":false},"author":2006,"featured_media":0,"comment_status":"open","ping_status":"open","sticky":false,"template":"","format":"standard","meta":{"footnotes":""},"categories":[147,4,6],"tags":[18,873,872,162,197,203,871],"class_list":["post-2434","post","type-post","status-publish","format-standard","hentry","category-avent-2","category-dimanche","category-luc","tag-avent","tag-delivrance","tag-fleurir","tag-peur","tag-possible","tag-signes","tag-tempetes"],"_links":{"self":[{"href":"https:\/\/levangilealecran.com\/index.php?rest_route=\/wp\/v2\/posts\/2434","targetHints":{"allow":["GET"]}}],"collection":[{"href":"https:\/\/levangilealecran.com\/index.php?rest_route=\/wp\/v2\/posts"}],"about":[{"href":"https:\/\/levangilealecran.com\/index.php?rest_route=\/wp\/v2\/types\/post"}],"author":[{"embeddable":true,"href":"https:\/\/levangilealecran.com\/index.php?rest_route=\/wp\/v2\/users\/2006"}],"replies":[{"embeddable":true,"href":"https:\/\/levangilealecran.com\/index.php?rest_route=%2Fwp%2Fv2%2Fcomments&post=2434"}],"version-history":[{"count":1,"href":"https:\/\/levangilealecran.com\/index.php?rest_route=\/wp\/v2\/posts\/2434\/revisions"}],"predecessor-version":[{"id":2436,"href":"https:\/\/levangilealecran.com\/index.php?rest_route=\/wp\/v2\/posts\/2434\/revisions\/2436"}],"wp:attachment":[{"href":"https:\/\/levangilealecran.com\/index.php?rest_route=%2Fwp%2Fv2%2Fmedia&parent=2434"}],"wp:term":[{"taxonomy":"category","embeddable":true,"href":"https:\/\/levangilealecran.com\/index.php?rest_route=%2Fwp%2Fv2%2Fcategories&post=2434"},{"taxonomy":"post_tag","embeddable":true,"href":"https:\/\/levangilealecran.com\/index.php?rest_route=%2Fwp%2Fv2%2Ftags&post=2434"}],"curies":[{"name":"wp","href":"https:\/\/api.w.org\/{rel}","templated":true}]}}