{"id":2421,"date":"2021-11-05T08:00:00","date_gmt":"2021-11-05T07:00:00","guid":{"rendered":"https:\/\/levangilealecran.com\/?p=2421"},"modified":"2021-11-04T19:43:47","modified_gmt":"2021-11-04T18:43:47","slug":"32e-dimanche-du-temps-ordinaire-b-7-novembre-2021","status":"publish","type":"post","link":"https:\/\/levangilealecran.com\/?p=2421","title":{"rendered":"32e dimanche du temps ordinaire \u2013 B \u2013 7 novembre 2021"},"content":{"rendered":"\n<blockquote class=\"wp-block-quote is-layout-flow wp-block-quote-is-layout-flow\"><p>\u00ab\u00a0M\u00e9fiez-vous des scribes, qui tiennent \u00e0 se promener en v\u00eatements d\u2019apparat\u2026\u00a0\u00bb<\/p><cite>Marc 12, 38<\/cite><\/blockquote>\n\n\n\n<figure class=\"wp-block-image size-large\"><a href=\"https:\/\/levangilealecran.com\/wp-content\/uploads\/2021\/11\/Robes-allongees.jpg\"><img loading=\"lazy\" decoding=\"async\" width=\"1024\" height=\"314\" src=\"https:\/\/levangilealecran.com\/wp-content\/uploads\/2021\/11\/Robes-allongees-1024x314.jpg\" alt=\"\" class=\"wp-image-2422\" srcset=\"https:\/\/levangilealecran.com\/wp-content\/uploads\/2021\/11\/Robes-allongees-1024x314.jpg 1024w, https:\/\/levangilealecran.com\/wp-content\/uploads\/2021\/11\/Robes-allongees-300x92.jpg 300w, https:\/\/levangilealecran.com\/wp-content\/uploads\/2021\/11\/Robes-allongees-768x236.jpg 768w, https:\/\/levangilealecran.com\/wp-content\/uploads\/2021\/11\/Robes-allongees-600x184.jpg 600w, https:\/\/levangilealecran.com\/wp-content\/uploads\/2021\/11\/Robes-allongees-1536x471.jpg 1536w, https:\/\/levangilealecran.com\/wp-content\/uploads\/2021\/11\/Robes-allongees-150x46.jpg 150w, https:\/\/levangilealecran.com\/wp-content\/uploads\/2021\/11\/Robes-allongees-250x77.jpg 250w, https:\/\/levangilealecran.com\/wp-content\/uploads\/2021\/11\/Robes-allongees-1320x405.jpg 1320w, https:\/\/levangilealecran.com\/wp-content\/uploads\/2021\/11\/Robes-allongees.jpg 1874w\" sizes=\"auto, (max-width: 1024px) 100vw, 1024px\" \/><\/a><\/figure>\n\n\n\n<p class=\"wp-block-paragraph\"><strong><u>M\u00e9fiance<\/u><\/strong><\/p>\n\n\n\n<p class=\"wp-block-paragraph\"><strong>> Ce verset ne manque pas de nous rappeler l\u2019adage populaire\u00a0: l\u2019habit ne fait pas le moine. Mais pas seulement. A bien y regarder, il fait aussi office de miroir. Voil\u00e0 des hommes qui aiment \u00e0 se promener en v\u00eatements d\u2019apparat, en longues robes dit une autre traduction. Le mot robe est repris dans le livre de l\u2019Apocalypse. Une des diff\u00e9rences entre ces deux tenues est que l\u2019une est recherch\u00e9e par ceux qui la portent\u00a0: pour para\u00eetre, pour \u00eatre dans le vent, pour \u00eatre remarqu\u00e9, peut-\u00eatre, finalement, pour couvrir leurs vices. Leur pi\u00e9t\u00e9 affich\u00e9e n\u2019est qu\u2019une mince couche de vernis, superficielle qui ne r\u00e9siste pas \u00e0 un examen en profondeur, au regard de Dieu qui scrute les c\u0153urs. L\u2019autre robe est re\u00e7ue par ceux qui, dans les lieux c\u00e9lestes, sont en pr\u00e9sence de l\u2019Agneau. La robe est un cadeau et un signe qu\u2019ils ont \u00e9t\u00e9 lav\u00e9s de leurs fautes. Dans le secret de leur c\u0153ur, ceux-l\u00e0 n\u2019ont rien \u00e0 montrer, rien \u00e0 apporter. Ils se reconnaissent p\u00e9cheurs sauv\u00e9s par gr\u00e2ce.\u00a0<\/strong><\/p>\n\n\n\n<p class=\"wp-block-paragraph\"><strong>> Nous le savons bien s\u00fbr, toutefois m\u00e9fions-nous de toute forme d\u2019orgueil spirituel qui nous ferait croire que, nous, nous avons compris ce qu\u2019est la vie chr\u00e9tienne. Adoptons l\u2019attitude de la pauvre veuve. Elle passe inaper\u00e7ue aux yeux des hommes. Pourtant J\u00e9sus la remarque. A l\u2019heure des choix, ne cherchons \u00e0 \u00eatre remarqu\u00e9s des hommes. Cherchons l\u2019approbation de Dieu.\u00a0<\/strong><\/p>\n","protected":false},"excerpt":{"rendered":"<p>\u00ab\u00a0M\u00e9fiez-vous des scribes, qui tiennent \u00e0 se promener en v\u00eatements d\u2019apparat\u2026\u00a0\u00bb Marc 12, 38 M\u00e9fiance > Ce verset ne manque pas de nous rappeler l\u2019adage populaire\u00a0: l\u2019habit ne fait pas le moine. Mais pas seulement. A bien y regarder, il fait aussi office de miroir. Voil\u00e0 des hommes qui aiment \u00e0 se promener en v\u00eatements d\u2019apparat, en longues robes dit une autre traduction. Le mot robe est repris dans le livre de l\u2019Apocalypse. Une des diff\u00e9rences entre ces deux tenues est que l\u2019une est recherch\u00e9e par ceux qui la portent\u00a0: pour para\u00eetre, pour \u00eatre dans le vent, pour \u00eatre remarqu\u00e9, peut-\u00eatre, finalement, pour couvrir leurs vices. Leur pi\u00e9t\u00e9 affich\u00e9e n\u2019est \u2026 <a class=\"continue-reading-link\" href=\"https:\/\/levangilealecran.com\/?p=2421\"> Continue reading <span class=\"meta-nav\">&rarr; <\/span><\/a><\/p>\n","protected":false},"author":2006,"featured_media":0,"comment_status":"open","ping_status":"open","sticky":false,"template":"","format":"standard","meta":{"footnotes":""},"categories":[4,7],"tags":[124,867,868,869],"class_list":["post-2421","post","type-post","status-publish","format-standard","hentry","category-dimanche","category-marc","tag-humilite","tag-orgueil","tag-piete","tag-vie-chretienne"],"_links":{"self":[{"href":"https:\/\/levangilealecran.com\/index.php?rest_route=\/wp\/v2\/posts\/2421","targetHints":{"allow":["GET"]}}],"collection":[{"href":"https:\/\/levangilealecran.com\/index.php?rest_route=\/wp\/v2\/posts"}],"about":[{"href":"https:\/\/levangilealecran.com\/index.php?rest_route=\/wp\/v2\/types\/post"}],"author":[{"embeddable":true,"href":"https:\/\/levangilealecran.com\/index.php?rest_route=\/wp\/v2\/users\/2006"}],"replies":[{"embeddable":true,"href":"https:\/\/levangilealecran.com\/index.php?rest_route=%2Fwp%2Fv2%2Fcomments&post=2421"}],"version-history":[{"count":1,"href":"https:\/\/levangilealecran.com\/index.php?rest_route=\/wp\/v2\/posts\/2421\/revisions"}],"predecessor-version":[{"id":2423,"href":"https:\/\/levangilealecran.com\/index.php?rest_route=\/wp\/v2\/posts\/2421\/revisions\/2423"}],"wp:attachment":[{"href":"https:\/\/levangilealecran.com\/index.php?rest_route=%2Fwp%2Fv2%2Fmedia&parent=2421"}],"wp:term":[{"taxonomy":"category","embeddable":true,"href":"https:\/\/levangilealecran.com\/index.php?rest_route=%2Fwp%2Fv2%2Fcategories&post=2421"},{"taxonomy":"post_tag","embeddable":true,"href":"https:\/\/levangilealecran.com\/index.php?rest_route=%2Fwp%2Fv2%2Ftags&post=2421"}],"curies":[{"name":"wp","href":"https:\/\/api.w.org\/{rel}","templated":true}]}}