{"id":2404,"date":"2021-10-29T08:00:00","date_gmt":"2021-10-29T06:00:00","guid":{"rendered":"https:\/\/levangilealecran.com\/?p=2404"},"modified":"2021-10-13T08:38:28","modified_gmt":"2021-10-13T06:38:28","slug":"2404","status":"publish","type":"post","link":"https:\/\/levangilealecran.com\/?p=2404","title":{"rendered":"31e dimanche du temps ordinaire \u2013 B \u2013 31 octobre 2021"},"content":{"rendered":"\n<blockquote class=\"wp-block-quote is-layout-flow wp-block-quote-is-layout-flow\"><p>\u00ab&nbsp;Le premier de tous les commandements, c\u2019est&nbsp;:&nbsp;<em>\u00c9coute, Isra\u00ebl&nbsp;: le Seigneur notre Dieu est l\u2019unique Seigneur.<\/em>&nbsp;\u00bb<\/p><cite>Marc 12, 29<\/cite><\/blockquote>\n\n\n\n<figure class=\"wp-block-image size-large\"><a href=\"https:\/\/levangilealecran.com\/wp-content\/uploads\/2021\/10\/ImageEvEcr2021_10_29.jpg\"><img loading=\"lazy\" decoding=\"async\" width=\"600\" height=\"600\" src=\"https:\/\/levangilealecran.com\/wp-content\/uploads\/2021\/10\/ImageEvEcr2021_10_29.jpg\" alt=\"\" class=\"wp-image-2405\" srcset=\"https:\/\/levangilealecran.com\/wp-content\/uploads\/2021\/10\/ImageEvEcr2021_10_29.jpg 600w, https:\/\/levangilealecran.com\/wp-content\/uploads\/2021\/10\/ImageEvEcr2021_10_29-300x300.jpg 300w, https:\/\/levangilealecran.com\/wp-content\/uploads\/2021\/10\/ImageEvEcr2021_10_29-150x150.jpg 150w\" sizes=\"auto, (max-width: 600px) 100vw, 600px\" \/><\/a><\/figure>\n\n\n\n<p class=\"wp-block-paragraph\"><strong>&gt; Pour r\u00e9pondre \u00e0 la question des scribes, J\u00e9sus cite cette confession de foi d\u2019Isra\u00ebl du Deut\u00e9ronome, s\u2019ancrant ainsi dans la tradition du juda\u00efsme. Mais bien plus en profondeur, J\u00e9sus redit que l\u2019\u00e9coute est premi\u00e8re. Celui qui \u00e9coute sait qu\u2019il ne sait pas, ce qui est le fondement de la d\u00e9marche spirituelle.&nbsp;<\/strong><\/p>\n\n\n\n<p class=\"wp-block-paragraph\"><strong>> \u00ab\u00a0Ecoute\u00a0\u00bb. En h\u00e9breu, ce verbe signifie aussi ob\u00e9ir. L\u2019\u00e9coute n\u2019est pas passive, elle appelle une r\u00e9ponse. Commencer par \u00e9couter, avant d\u2019exprimer une r\u00e9ponse par mes pieds, mes mains, ma langue, mon emploi du temps. Par mon esp\u00e9rance. Par mon amour.<\/strong><\/p>\n\n\n\n<p class=\"wp-block-paragraph\"><strong>> \u00ab\u00a0Le Seigneur notre Dieu est l\u2019unique Seigneur\u00a0\u00bb\u00a0: en r\u00e9affirmant l\u2019unicit\u00e9 de Dieu, J\u00e9sus rappelle un autre commandement, celui de renoncer aux faux dieux. Aujourd\u2019hui encore, les faux dieux sont omnipr\u00e9sents dans notre monde: ceux de l\u2019argent, du pouvoir, de la s\u00e9duction, de la consommation, etc.<\/strong><\/p>\n\n\n\n<p class=\"wp-block-paragraph\">> <strong>Ainsi, avant d\u2019aimer notre prochain comme nous-m\u00eames, avant m\u00eame d\u2019aimer Dieu de tout notre c\u0153ur, de toute notre \u00e2me, de tout notre esprit et de toute notre force, J\u00e9sus nous invite \u00e0 une d\u00e9marche.\u00a0Ecouter, et se reconna\u00eetre pauvre spirituellement. Renoncer aux idoles, et reconna\u00eetre que la richesse spirituelle nous vient du Dieu de J\u00e9sus Christ. Ecouter et renoncer aux idoles, un programme spirituel pour notre semaine\u00a0!<\/strong><\/p>\n","protected":false},"excerpt":{"rendered":"<p>\u00ab&nbsp;Le premier de tous les commandements, c\u2019est&nbsp;:&nbsp;\u00c9coute, Isra\u00ebl&nbsp;: le Seigneur notre Dieu est l\u2019unique Seigneur.&nbsp;\u00bb Marc 12, 29 &gt; Pour r\u00e9pondre \u00e0 la question des scribes, J\u00e9sus cite cette confession de foi d\u2019Isra\u00ebl du Deut\u00e9ronome, s\u2019ancrant ainsi dans la tradition du juda\u00efsme. Mais bien plus en profondeur, J\u00e9sus redit que l\u2019\u00e9coute est premi\u00e8re. Celui qui \u00e9coute sait qu\u2019il ne sait pas, ce qui est le fondement de la d\u00e9marche spirituelle.&nbsp; > \u00ab\u00a0Ecoute\u00a0\u00bb. En h\u00e9breu, ce verbe signifie aussi ob\u00e9ir. L\u2019\u00e9coute n\u2019est pas passive, elle appelle une r\u00e9ponse. Commencer par \u00e9couter, avant d\u2019exprimer une r\u00e9ponse par mes pieds, mes mains, ma langue, mon emploi du temps. Par mon esp\u00e9rance. Par mon \u2026 <a class=\"continue-reading-link\" href=\"https:\/\/levangilealecran.com\/?p=2404\"> Continue reading <span class=\"meta-nav\">&rarr; <\/span><\/a><\/p>\n","protected":false},"author":2006,"featured_media":0,"comment_status":"open","ping_status":"open","sticky":false,"template":"","format":"standard","meta":{"footnotes":""},"categories":[4,7],"tags":[862,863,555,864],"class_list":["post-2404","post","type-post","status-publish","format-standard","hentry","category-dimanche","category-marc","tag-ecouter-2","tag-idoles","tag-pauvrete","tag-spiritualite"],"_links":{"self":[{"href":"https:\/\/levangilealecran.com\/index.php?rest_route=\/wp\/v2\/posts\/2404","targetHints":{"allow":["GET"]}}],"collection":[{"href":"https:\/\/levangilealecran.com\/index.php?rest_route=\/wp\/v2\/posts"}],"about":[{"href":"https:\/\/levangilealecran.com\/index.php?rest_route=\/wp\/v2\/types\/post"}],"author":[{"embeddable":true,"href":"https:\/\/levangilealecran.com\/index.php?rest_route=\/wp\/v2\/users\/2006"}],"replies":[{"embeddable":true,"href":"https:\/\/levangilealecran.com\/index.php?rest_route=%2Fwp%2Fv2%2Fcomments&post=2404"}],"version-history":[{"count":3,"href":"https:\/\/levangilealecran.com\/index.php?rest_route=\/wp\/v2\/posts\/2404\/revisions"}],"predecessor-version":[{"id":2408,"href":"https:\/\/levangilealecran.com\/index.php?rest_route=\/wp\/v2\/posts\/2404\/revisions\/2408"}],"wp:attachment":[{"href":"https:\/\/levangilealecran.com\/index.php?rest_route=%2Fwp%2Fv2%2Fmedia&parent=2404"}],"wp:term":[{"taxonomy":"category","embeddable":true,"href":"https:\/\/levangilealecran.com\/index.php?rest_route=%2Fwp%2Fv2%2Fcategories&post=2404"},{"taxonomy":"post_tag","embeddable":true,"href":"https:\/\/levangilealecran.com\/index.php?rest_route=%2Fwp%2Fv2%2Ftags&post=2404"}],"curies":[{"name":"wp","href":"https:\/\/api.w.org\/{rel}","templated":true}]}}