{"id":2397,"date":"2021-10-01T08:00:00","date_gmt":"2021-10-01T06:00:00","guid":{"rendered":"https:\/\/levangilealecran.com\/?p=2397"},"modified":"2021-09-30T23:31:43","modified_gmt":"2021-09-30T21:31:43","slug":"27e-dimanche-du-temps-ordinaire-b-3-octobre-2021","status":"publish","type":"post","link":"https:\/\/levangilealecran.com\/?p=2397","title":{"rendered":"27e dimanche du temps ordinaire \u2013 B \u2013 3 octobre 2021"},"content":{"rendered":"\n<blockquote class=\"wp-block-quote is-layout-flow wp-block-quote-is-layout-flow\"><p>\u00ab\u00a0Qui n&rsquo;est pas contre nous est pour nous.\u00a0\u00bb<\/p><cite>(Marc 9, 40)<\/cite><\/blockquote>\n\n\n\n<figure class=\"wp-block-image size-large\"><a href=\"https:\/\/levangilealecran.com\/wp-content\/uploads\/2021\/09\/Enfants-scaled.jpg\"><img loading=\"lazy\" decoding=\"async\" width=\"1024\" height=\"298\" src=\"https:\/\/levangilealecran.com\/wp-content\/uploads\/2021\/09\/Enfants-1024x298.jpg\" alt=\"\" class=\"wp-image-2398\" srcset=\"https:\/\/levangilealecran.com\/wp-content\/uploads\/2021\/09\/Enfants-1024x298.jpg 1024w, https:\/\/levangilealecran.com\/wp-content\/uploads\/2021\/09\/Enfants-300x87.jpg 300w, https:\/\/levangilealecran.com\/wp-content\/uploads\/2021\/09\/Enfants-768x224.jpg 768w, https:\/\/levangilealecran.com\/wp-content\/uploads\/2021\/09\/Enfants-600x175.jpg 600w, https:\/\/levangilealecran.com\/wp-content\/uploads\/2021\/09\/Enfants-1536x447.jpg 1536w, https:\/\/levangilealecran.com\/wp-content\/uploads\/2021\/09\/Enfants-2048x596.jpg 2048w, https:\/\/levangilealecran.com\/wp-content\/uploads\/2021\/09\/Enfants-150x44.jpg 150w, https:\/\/levangilealecran.com\/wp-content\/uploads\/2021\/09\/Enfants-250x73.jpg 250w, https:\/\/levangilealecran.com\/wp-content\/uploads\/2021\/09\/Enfants-1320x384.jpg 1320w\" sizes=\"auto, (max-width: 1024px) 100vw, 1024px\" \/><\/a><\/figure>\n\n\n\n<p class=\"wp-block-paragraph\"><strong><u>Neutralit\u00e9&nbsp;?<\/u><\/strong><\/p>\n\n\n\n<p class=\"wp-block-paragraph\"><strong>> Encore une affirmation de J\u00e9sus qui bouleverse les codes\u00a0!\u00a0\u00a0S\u2019il est possible qu\u2019un \u00e9tat choisisse la neutralit\u00e9 en mati\u00e8re de conflit arm\u00e9, ou bien qu\u2019un pays choisisse la neutralit\u00e9 fiscale, c\u2019est-\u00e0-dire une r\u00e9partition des charges publiques proportionn\u00e9e aux revenus de chacun, (y en a-t-il seulement un qui la mette en pratique\u00a0?) ou encore s\u2019il est possible qu\u2019une personne choisisse de s\u2019abstenir de prendre parti dans un d\u00e9bat ou un conflit opposant des personnes aux positions divergentes, dans le domaine de la foi, la neutralit\u00e9 n\u2019est pas de mise selon J\u00e9sus. <\/strong><\/p>\n\n\n\n<p class=\"wp-block-paragraph\"><strong>> N\u2019y aurait-il pas quelque domaine o\u00f9 je pratique une certaine neutralit\u00e9\u00a0? Le temps est venu de prendre position\u00a0: vais-je choisir de suivre Celui qui est le chemin, la v\u00e9rit\u00e9 et la vie ou m\u2019opposer \u00e0 Lui\u00a0?\u00a0\u00a0<\/strong><\/p>\n","protected":false},"excerpt":{"rendered":"<p>\u00ab\u00a0Qui n&rsquo;est pas contre nous est pour nous.\u00a0\u00bb (Marc 9, 40) Neutralit\u00e9&nbsp;? > Encore une affirmation de J\u00e9sus qui bouleverse les codes\u00a0!\u00a0\u00a0S\u2019il est possible qu\u2019un \u00e9tat choisisse la neutralit\u00e9 en mati\u00e8re de conflit arm\u00e9, ou bien qu\u2019un pays choisisse la neutralit\u00e9 fiscale, c\u2019est-\u00e0-dire une r\u00e9partition des charges publiques proportionn\u00e9e aux revenus de chacun, (y en a-t-il seulement un qui la mette en pratique\u00a0?) ou encore s\u2019il est possible qu\u2019une personne choisisse de s\u2019abstenir de prendre parti dans un d\u00e9bat ou un conflit opposant des personnes aux positions divergentes, dans le domaine de la foi, la neutralit\u00e9 n\u2019est pas de mise selon J\u00e9sus. > N\u2019y aurait-il pas quelque domaine o\u00f9 je \u2026 <a class=\"continue-reading-link\" href=\"https:\/\/levangilealecran.com\/?p=2397\"> Continue reading <span class=\"meta-nav\">&rarr; <\/span><\/a><\/p>\n","protected":false},"author":2006,"featured_media":0,"comment_status":"open","ping_status":"open","sticky":false,"template":"","format":"standard","meta":{"footnotes":""},"categories":[4,7],"tags":[101,859],"class_list":["post-2397","post","type-post","status-publish","format-standard","hentry","category-dimanche","category-marc","tag-chemin","tag-neutralite"],"_links":{"self":[{"href":"https:\/\/levangilealecran.com\/index.php?rest_route=\/wp\/v2\/posts\/2397","targetHints":{"allow":["GET"]}}],"collection":[{"href":"https:\/\/levangilealecran.com\/index.php?rest_route=\/wp\/v2\/posts"}],"about":[{"href":"https:\/\/levangilealecran.com\/index.php?rest_route=\/wp\/v2\/types\/post"}],"author":[{"embeddable":true,"href":"https:\/\/levangilealecran.com\/index.php?rest_route=\/wp\/v2\/users\/2006"}],"replies":[{"embeddable":true,"href":"https:\/\/levangilealecran.com\/index.php?rest_route=%2Fwp%2Fv2%2Fcomments&post=2397"}],"version-history":[{"count":1,"href":"https:\/\/levangilealecran.com\/index.php?rest_route=\/wp\/v2\/posts\/2397\/revisions"}],"predecessor-version":[{"id":2399,"href":"https:\/\/levangilealecran.com\/index.php?rest_route=\/wp\/v2\/posts\/2397\/revisions\/2399"}],"wp:attachment":[{"href":"https:\/\/levangilealecran.com\/index.php?rest_route=%2Fwp%2Fv2%2Fmedia&parent=2397"}],"wp:term":[{"taxonomy":"category","embeddable":true,"href":"https:\/\/levangilealecran.com\/index.php?rest_route=%2Fwp%2Fv2%2Fcategories&post=2397"},{"taxonomy":"post_tag","embeddable":true,"href":"https:\/\/levangilealecran.com\/index.php?rest_route=%2Fwp%2Fv2%2Ftags&post=2397"}],"curies":[{"name":"wp","href":"https:\/\/api.w.org\/{rel}","templated":true}]}}