{"id":2394,"date":"2021-09-24T22:28:50","date_gmt":"2021-09-24T20:28:50","guid":{"rendered":"https:\/\/levangilealecran.com\/?p=2394"},"modified":"2021-09-24T22:28:50","modified_gmt":"2021-09-24T20:28:50","slug":"26e-dimanche-du-temps-ordinaire-b-26-septembre-2021","status":"publish","type":"post","link":"https:\/\/levangilealecran.com\/?p=2394","title":{"rendered":"26e dimanche du temps ordinaire \u2013 B \u2013 26 septembre 2021"},"content":{"rendered":"\n<blockquote class=\"wp-block-quote is-layout-flow wp-block-quote-is-layout-flow\"><p>\u00ab Celui qui est un scandale, une occasion de chute, pour un seul de ces petits qui croient en moi, mieux vaudrait pour lui qu\u2019on lui attache au cou une de ces meules que tournent les \u00e2nes, et qu\u2019on le jette \u00e0 la mer\u2026 \u00bb <\/p><cite>(Mc 9,42)<\/cite><\/blockquote>\n\n\n\n<figure class=\"wp-block-image size-large\"><a href=\"https:\/\/levangilealecran.com\/wp-content\/uploads\/2021\/09\/EALE-Mc-9-42.png\"><img loading=\"lazy\" decoding=\"async\" width=\"1024\" height=\"721\" src=\"https:\/\/levangilealecran.com\/wp-content\/uploads\/2021\/09\/EALE-Mc-9-42-1024x721.png\" alt=\"\" class=\"wp-image-2395\" srcset=\"https:\/\/levangilealecran.com\/wp-content\/uploads\/2021\/09\/EALE-Mc-9-42-1024x721.png 1024w, https:\/\/levangilealecran.com\/wp-content\/uploads\/2021\/09\/EALE-Mc-9-42-300x211.png 300w, https:\/\/levangilealecran.com\/wp-content\/uploads\/2021\/09\/EALE-Mc-9-42-768x540.png 768w, https:\/\/levangilealecran.com\/wp-content\/uploads\/2021\/09\/EALE-Mc-9-42-600x422.png 600w, https:\/\/levangilealecran.com\/wp-content\/uploads\/2021\/09\/EALE-Mc-9-42-1536x1081.png 1536w, https:\/\/levangilealecran.com\/wp-content\/uploads\/2021\/09\/EALE-Mc-9-42-150x106.png 150w, https:\/\/levangilealecran.com\/wp-content\/uploads\/2021\/09\/EALE-Mc-9-42-213x150.png 213w, https:\/\/levangilealecran.com\/wp-content\/uploads\/2021\/09\/EALE-Mc-9-42-1320x929.png 1320w, https:\/\/levangilealecran.com\/wp-content\/uploads\/2021\/09\/EALE-Mc-9-42.png 1731w\" sizes=\"auto, (max-width: 1024px) 100vw, 1024px\" \/><\/a><\/figure>\n\n\n\n<p class=\"wp-block-paragraph\"><strong>> Oui, cette phrase est de J\u00e9sus. Elle est dure, tr\u00e8s dure. Loin du J\u00e9sus hippie ou fleur-bleue, le voil\u00e0 qui souhaite la mort-m\u00eame de celui qui est une occasion de scandale ou de chute pour \u00ab un seul de ces petits qui croient \u00bb en lui.<\/strong><\/p>\n\n\n\n<p class=\"wp-block-paragraph\"><strong>> Le scandale ou la division dans le monde des grands, ce n\u2019est d\u00e9j\u00e0 pas bien beau. Mais les yeux de l\u2019enfance n\u2019ont pas \u00e0 supporter cela. La chute dans le monde des riches, ce n\u2019est d\u00e9j\u00e0 pas simple. Mais la chute pour quelqu\u2019un qui n\u2019a pas de ressources, c\u2019est encore plus inadmissible. Les \u00ab petits \u00bb, ce sont les enfants bien s\u00fbr, mais aussi tous les oubli\u00e9s, les laiss\u00e9s pour compte, les migrants, les exclus.<\/strong><\/p>\n\n\n\n<p class=\"wp-block-paragraph\"><strong>> Souvenons-nous, cette semaine, de l\u2019attention \u00e0 porter \u00e0 chaque \u00ab petit \u00bb. Nous en trouverons forc\u00e9ment autour de nous. Accueillons ces personnes comme le Christ lui-m\u00eame et ne soyons jamais pour eux une occasion de scandale ou de chute.<\/strong><\/p>\n","protected":false},"excerpt":{"rendered":"<p>\u00ab Celui qui est un scandale, une occasion de chute, pour un seul de ces petits qui croient en moi, mieux vaudrait pour lui qu\u2019on lui attache au cou une de ces meules que tournent les \u00e2nes, et qu\u2019on le jette \u00e0 la mer\u2026 \u00bb (Mc 9,42) > Oui, cette phrase est de J\u00e9sus. Elle est dure, tr\u00e8s dure. Loin du J\u00e9sus hippie ou fleur-bleue, le voil\u00e0 qui souhaite la mort-m\u00eame de celui qui est une occasion de scandale ou de chute pour \u00ab un seul de ces petits qui croient \u00bb en lui. > Le scandale ou la division dans le monde des grands, ce n\u2019est d\u00e9j\u00e0 pas bien \u2026 <a class=\"continue-reading-link\" href=\"https:\/\/levangilealecran.com\/?p=2394\"> Continue reading <span class=\"meta-nav\">&rarr; <\/span><\/a><\/p>\n","protected":false},"author":2006,"featured_media":0,"comment_status":"open","ping_status":"open","sticky":false,"template":"","format":"standard","meta":{"footnotes":""},"categories":[4,7],"tags":[66,489,321,444],"class_list":["post-2394","post","type-post","status-publish","format-standard","hentry","category-dimanche","category-marc","tag-accueillir","tag-enfants","tag-petits","tag-scandale"],"_links":{"self":[{"href":"https:\/\/levangilealecran.com\/index.php?rest_route=\/wp\/v2\/posts\/2394","targetHints":{"allow":["GET"]}}],"collection":[{"href":"https:\/\/levangilealecran.com\/index.php?rest_route=\/wp\/v2\/posts"}],"about":[{"href":"https:\/\/levangilealecran.com\/index.php?rest_route=\/wp\/v2\/types\/post"}],"author":[{"embeddable":true,"href":"https:\/\/levangilealecran.com\/index.php?rest_route=\/wp\/v2\/users\/2006"}],"replies":[{"embeddable":true,"href":"https:\/\/levangilealecran.com\/index.php?rest_route=%2Fwp%2Fv2%2Fcomments&post=2394"}],"version-history":[{"count":1,"href":"https:\/\/levangilealecran.com\/index.php?rest_route=\/wp\/v2\/posts\/2394\/revisions"}],"predecessor-version":[{"id":2396,"href":"https:\/\/levangilealecran.com\/index.php?rest_route=\/wp\/v2\/posts\/2394\/revisions\/2396"}],"wp:attachment":[{"href":"https:\/\/levangilealecran.com\/index.php?rest_route=%2Fwp%2Fv2%2Fmedia&parent=2394"}],"wp:term":[{"taxonomy":"category","embeddable":true,"href":"https:\/\/levangilealecran.com\/index.php?rest_route=%2Fwp%2Fv2%2Fcategories&post=2394"},{"taxonomy":"post_tag","embeddable":true,"href":"https:\/\/levangilealecran.com\/index.php?rest_route=%2Fwp%2Fv2%2Ftags&post=2394"}],"curies":[{"name":"wp","href":"https:\/\/api.w.org\/{rel}","templated":true}]}}