{"id":2390,"date":"2021-09-17T08:00:00","date_gmt":"2021-09-17T06:00:00","guid":{"rendered":"https:\/\/levangilealecran.com\/?p=2390"},"modified":"2021-09-14T16:41:51","modified_gmt":"2021-09-14T14:41:51","slug":"25e-dimanche-du-temps-ordinaire-b-19-septembre-2021","status":"publish","type":"post","link":"https:\/\/levangilealecran.com\/?p=2390","title":{"rendered":"25e dimanche du temps ordinaire \u2013 B \u2013 19 septembre 2021"},"content":{"rendered":"\n<blockquote class=\"wp-block-quote is-layout-flow wp-block-quote-is-layout-flow\"><p>S\u2019\u00e9tant assis, J\u00e9sus appela les Douze et leur dit\u00a0: \u00ab\u00a0Si quelqu\u2019un veut \u00eatre le premier, qu\u2019il soit le dernier de tous et le serviteur de tous.\u00a0\u00bb<\/p><cite>Marc 9, 35<\/cite><\/blockquote>\n\n\n\n<figure class=\"wp-block-image size-large\"><a href=\"https:\/\/levangilealecran.com\/wp-content\/uploads\/2021\/09\/ImageEvEcr2021_09_19.jpg\"><img loading=\"lazy\" decoding=\"async\" width=\"600\" height=\"600\" src=\"https:\/\/levangilealecran.com\/wp-content\/uploads\/2021\/09\/ImageEvEcr2021_09_19.jpg\" alt=\"\" class=\"wp-image-2391\" srcset=\"https:\/\/levangilealecran.com\/wp-content\/uploads\/2021\/09\/ImageEvEcr2021_09_19.jpg 600w, https:\/\/levangilealecran.com\/wp-content\/uploads\/2021\/09\/ImageEvEcr2021_09_19-300x300.jpg 300w, https:\/\/levangilealecran.com\/wp-content\/uploads\/2021\/09\/ImageEvEcr2021_09_19-150x150.jpg 150w\" sizes=\"auto, (max-width: 600px) 100vw, 600px\" \/><\/a><\/figure>\n\n\n\n<p class=\"wp-block-paragraph\"><strong>>\u00a0Qu\u2019il est difficile de cheminer avec notre humanit\u00e9 sur cette terre\u00a0! C\u2019est ce qu\u2019exp\u00e9rimentent les disciples\u00a0<em>en chemin<\/em>, en se querellant pour savoir qui est le plus grand. Jalousie, comparaison, comp\u00e9tition, orgueil, conflits, viennent souvent pourrir les relations humaines. L\u2019humanit\u00e9 est un chemin bien souvent tortueux, comme l\u2019exp\u00e9rimentent les disciples.<\/strong><\/p>\n\n\n\n<p class=\"wp-block-paragraph\">> <strong>La r\u00e9ponse de J\u00e9sus, assis dans la\u00a0<em>maison<\/em>, invite au d\u00e9centrement avec la notion de service. Etre le serviteur de tous, c\u2019est ouvrir les yeux sur la fragilit\u00e9 et la vuln\u00e9rabilit\u00e9 non seulement de mon prochain, mais aussi sur cette fragilit\u00e9 et vuln\u00e9rabilit\u00e9 qui sont les miennes. Car \u00eatre serviteur de tous, c\u2019est aussi chercher \u00e0 appliquer la r\u00e8gle d\u2019or, pr\u00e9sente dans toutes les religions, et notamment dans l\u2019Evangile selon Matthieu\u00a0:\u00a0<em>Faites pour les autres tout ce que vous voulez qu&rsquo;ils fassent pour vous.<\/em>\u00a0(Mt 7,12) Etre serviteur de tous, c\u2019est donc regarder vers le bas, porter une attention particuli\u00e8re aux petits, et \u00e0 ce qui est petit en soi, car c\u2019est \u00e0 ce niveau que se vit le Royaume.<\/strong><\/p>\n\n\n\n<p class=\"wp-block-paragraph\"><strong>> Que ferons-nous cette semaine pour \u00eatre \u00ab\u00a0serviteur de tous\u00a0\u00bb\u00a0sur notre chemin d\u2019humanit\u00e9\u00a0? Accueillir l\u2019autre dans ses fragilit\u00e9s, s\u2019accueillir soi-m\u00eame dans ses vuln\u00e9rabilit\u00e9s, et accueillir le Christ.\u00a0<\/strong><\/p>\n","protected":false},"excerpt":{"rendered":"<p>S\u2019\u00e9tant assis, J\u00e9sus appela les Douze et leur dit\u00a0: \u00ab\u00a0Si quelqu\u2019un veut \u00eatre le premier, qu\u2019il soit le dernier de tous et le serviteur de tous.\u00a0\u00bb Marc 9, 35 >\u00a0Qu\u2019il est difficile de cheminer avec notre humanit\u00e9 sur cette terre\u00a0! C\u2019est ce qu\u2019exp\u00e9rimentent les disciples\u00a0en chemin, en se querellant pour savoir qui est le plus grand. Jalousie, comparaison, comp\u00e9tition, orgueil, conflits, viennent souvent pourrir les relations humaines. L\u2019humanit\u00e9 est un chemin bien souvent tortueux, comme l\u2019exp\u00e9rimentent les disciples. > La r\u00e9ponse de J\u00e9sus, assis dans la\u00a0maison, invite au d\u00e9centrement avec la notion de service. Etre le serviteur de tous, c\u2019est ouvrir les yeux sur la fragilit\u00e9 et la vuln\u00e9rabilit\u00e9 non \u2026 <a class=\"continue-reading-link\" href=\"https:\/\/levangilealecran.com\/?p=2390\"> Continue reading <span class=\"meta-nav\">&rarr; <\/span><\/a><\/p>\n","protected":false},"author":2006,"featured_media":0,"comment_status":"open","ping_status":"open","sticky":false,"template":"","format":"standard","meta":{"footnotes":""},"categories":[4,7],"tags":[340,665,711,122,858],"class_list":["post-2390","post","type-post","status-publish","format-standard","hentry","category-dimanche","category-marc","tag-accueil","tag-fragilite","tag-humanite","tag-service","tag-vulnerabilite"],"_links":{"self":[{"href":"https:\/\/levangilealecran.com\/index.php?rest_route=\/wp\/v2\/posts\/2390","targetHints":{"allow":["GET"]}}],"collection":[{"href":"https:\/\/levangilealecran.com\/index.php?rest_route=\/wp\/v2\/posts"}],"about":[{"href":"https:\/\/levangilealecran.com\/index.php?rest_route=\/wp\/v2\/types\/post"}],"author":[{"embeddable":true,"href":"https:\/\/levangilealecran.com\/index.php?rest_route=\/wp\/v2\/users\/2006"}],"replies":[{"embeddable":true,"href":"https:\/\/levangilealecran.com\/index.php?rest_route=%2Fwp%2Fv2%2Fcomments&post=2390"}],"version-history":[{"count":1,"href":"https:\/\/levangilealecran.com\/index.php?rest_route=\/wp\/v2\/posts\/2390\/revisions"}],"predecessor-version":[{"id":2392,"href":"https:\/\/levangilealecran.com\/index.php?rest_route=\/wp\/v2\/posts\/2390\/revisions\/2392"}],"wp:attachment":[{"href":"https:\/\/levangilealecran.com\/index.php?rest_route=%2Fwp%2Fv2%2Fmedia&parent=2390"}],"wp:term":[{"taxonomy":"category","embeddable":true,"href":"https:\/\/levangilealecran.com\/index.php?rest_route=%2Fwp%2Fv2%2Fcategories&post=2390"},{"taxonomy":"post_tag","embeddable":true,"href":"https:\/\/levangilealecran.com\/index.php?rest_route=%2Fwp%2Fv2%2Ftags&post=2390"}],"curies":[{"name":"wp","href":"https:\/\/api.w.org\/{rel}","templated":true}]}}