{"id":2385,"date":"2021-09-10T08:00:00","date_gmt":"2021-09-10T06:00:00","guid":{"rendered":"https:\/\/levangilealecran.com\/?p=2385"},"modified":"2021-09-07T15:16:35","modified_gmt":"2021-09-07T13:16:35","slug":"24e-dimanche-du-temps-ordinaire-b-5-septembre-2021","status":"publish","type":"post","link":"https:\/\/levangilealecran.com\/?p=2385","title":{"rendered":"24e dimanche du temps ordinaire \u2013 B \u2013 12 septembre 2021"},"content":{"rendered":"\n<blockquote class=\"wp-block-quote is-layout-flow wp-block-quote-is-layout-flow\"><p>\u00ab\u00a0Si quelqu\u2019un veut marcher \u00e0 ma suite,<br>qu\u2019il renonce \u00e0 lui-m\u00eame,<br>qu\u2019il prenne sa croix<br>et qu\u2019il me suive.\u00a0\u00bb <\/p><cite>(Marc 8, 37)<\/cite><\/blockquote>\n\n\n\n<figure class=\"wp-block-image size-large\"><a href=\"https:\/\/levangilealecran.com\/wp-content\/uploads\/2021\/09\/pexels-masha-raymers-4318392-scaled.jpg\"><img loading=\"lazy\" decoding=\"async\" width=\"683\" height=\"1024\" src=\"https:\/\/levangilealecran.com\/wp-content\/uploads\/2021\/09\/pexels-masha-raymers-4318392-683x1024.jpg\" alt=\"\" class=\"wp-image-2386\" srcset=\"https:\/\/levangilealecran.com\/wp-content\/uploads\/2021\/09\/pexels-masha-raymers-4318392-683x1024.jpg 683w, https:\/\/levangilealecran.com\/wp-content\/uploads\/2021\/09\/pexels-masha-raymers-4318392-200x300.jpg 200w, https:\/\/levangilealecran.com\/wp-content\/uploads\/2021\/09\/pexels-masha-raymers-4318392-768x1152.jpg 768w, https:\/\/levangilealecran.com\/wp-content\/uploads\/2021\/09\/pexels-masha-raymers-4318392-600x900.jpg 600w, https:\/\/levangilealecran.com\/wp-content\/uploads\/2021\/09\/pexels-masha-raymers-4318392-1024x1536.jpg 1024w, https:\/\/levangilealecran.com\/wp-content\/uploads\/2021\/09\/pexels-masha-raymers-4318392-1365x2048.jpg 1365w, https:\/\/levangilealecran.com\/wp-content\/uploads\/2021\/09\/pexels-masha-raymers-4318392-100x150.jpg 100w, https:\/\/levangilealecran.com\/wp-content\/uploads\/2021\/09\/pexels-masha-raymers-4318392-1320x1980.jpg 1320w, https:\/\/levangilealecran.com\/wp-content\/uploads\/2021\/09\/pexels-masha-raymers-4318392-scaled.jpg 1707w\" sizes=\"auto, (max-width: 683px) 100vw, 683px\" \/><\/a><\/figure>\n\n\n\n<p class=\"wp-block-paragraph\"><strong>&gt; Qui aime entendre parler de souffrance, de rejet et de mort violente? \u00ab\u00a0Interdit au moins de 12 ans\u00a0\u00bb, attention ce film-l\u00e0 dont J\u00e9sus annonce le sc\u00e9nario peut heurter certaines sensibilit\u00e9s&#8230;<\/strong><\/p>\n\n\n\n<p class=\"wp-block-paragraph\"><strong>&gt; Il y a un peu de Pierre en chacun de nous &#8211; nous trouvons la Croix de J\u00e9sus difficile \u00e0 accepter &#8211; cela ne devrait pas \u00eatre ainsi. J\u00e9sus va encore plus loin &#8211; chacun de nous aura sa part de souffrance \u2013 toutefois, ce J\u00e9sus souffrant peut \u00eatre proche de nous, car il a v\u00e9cu la souffrance et il a travers\u00e9 la mort pour qu&rsquo;elle soit habit\u00e9e&#8230;<\/strong><\/p>\n\n\n\n<p class=\"wp-block-paragraph\"><strong>&gt; Porter sa croix, c&rsquo;est oser regarder en face ses deuils, ses blessures et ses peurs, ne pas les laisser devenir des tabous! Et qui sait? Dieu placera dans sa tendresse des Simon de Cyrene sur notre chemin pour nous aider \u00e0 les porter !<\/strong><\/p>\n\n\n\n<p class=\"wp-block-paragraph\"><strong>&gt; Dans cette semaine, osons un mot ou une parole risqu\u00e9e pour briser le silence autour d&rsquo;une exp\u00e9rience difficile que vit un proche ou un ami: nous verrons que ce peut \u00eatre l&rsquo;amorce pour regarder ensemble les brisures qu&rsquo;il ou elle porte en silence &#8230;<\/strong><\/p>\n","protected":false},"excerpt":{"rendered":"<p>\u00ab\u00a0Si quelqu\u2019un veut marcher \u00e0 ma suite,qu\u2019il renonce \u00e0 lui-m\u00eame,qu\u2019il prenne sa croixet qu\u2019il me suive.\u00a0\u00bb (Marc 8, 37) &gt; Qui aime entendre parler de souffrance, de rejet et de mort violente? \u00ab\u00a0Interdit au moins de 12 ans\u00a0\u00bb, attention ce film-l\u00e0 dont J\u00e9sus annonce le sc\u00e9nario peut heurter certaines sensibilit\u00e9s&#8230; &gt; Il y a un peu de Pierre en chacun de nous &#8211; nous trouvons la Croix de J\u00e9sus difficile \u00e0 accepter &#8211; cela ne devrait pas \u00eatre ainsi. J\u00e9sus va encore plus loin &#8211; chacun de nous aura sa part de souffrance \u2013 toutefois, ce J\u00e9sus souffrant peut \u00eatre proche de nous, car il a v\u00e9cu la souffrance et \u2026 <a class=\"continue-reading-link\" href=\"https:\/\/levangilealecran.com\/?p=2385\"> Continue reading <span class=\"meta-nav\">&rarr; <\/span><\/a><\/p>\n","protected":false},"author":2006,"featured_media":0,"comment_status":"open","ping_status":"open","sticky":false,"template":"","format":"standard","meta":{"footnotes":""},"categories":[4,7],"tags":[68,93,235,857,189],"class_list":["post-2385","post","type-post","status-publish","format-standard","hentry","category-dimanche","category-marc","tag-croix","tag-deuil","tag-mort","tag-porter","tag-silence"],"_links":{"self":[{"href":"https:\/\/levangilealecran.com\/index.php?rest_route=\/wp\/v2\/posts\/2385","targetHints":{"allow":["GET"]}}],"collection":[{"href":"https:\/\/levangilealecran.com\/index.php?rest_route=\/wp\/v2\/posts"}],"about":[{"href":"https:\/\/levangilealecran.com\/index.php?rest_route=\/wp\/v2\/types\/post"}],"author":[{"embeddable":true,"href":"https:\/\/levangilealecran.com\/index.php?rest_route=\/wp\/v2\/users\/2006"}],"replies":[{"embeddable":true,"href":"https:\/\/levangilealecran.com\/index.php?rest_route=%2Fwp%2Fv2%2Fcomments&post=2385"}],"version-history":[{"count":2,"href":"https:\/\/levangilealecran.com\/index.php?rest_route=\/wp\/v2\/posts\/2385\/revisions"}],"predecessor-version":[{"id":2389,"href":"https:\/\/levangilealecran.com\/index.php?rest_route=\/wp\/v2\/posts\/2385\/revisions\/2389"}],"wp:attachment":[{"href":"https:\/\/levangilealecran.com\/index.php?rest_route=%2Fwp%2Fv2%2Fmedia&parent=2385"}],"wp:term":[{"taxonomy":"category","embeddable":true,"href":"https:\/\/levangilealecran.com\/index.php?rest_route=%2Fwp%2Fv2%2Fcategories&post=2385"},{"taxonomy":"post_tag","embeddable":true,"href":"https:\/\/levangilealecran.com\/index.php?rest_route=%2Fwp%2Fv2%2Ftags&post=2385"}],"curies":[{"name":"wp","href":"https:\/\/api.w.org\/{rel}","templated":true}]}}