{"id":2380,"date":"2021-09-03T00:46:04","date_gmt":"2021-09-02T22:46:04","guid":{"rendered":"https:\/\/levangilealecran.com\/?p=2380"},"modified":"2021-09-03T00:46:04","modified_gmt":"2021-09-02T22:46:04","slug":"23e-dimanche-du-temps-ordinaire-b-5-septembre-2021","status":"publish","type":"post","link":"https:\/\/levangilealecran.com\/?p=2380","title":{"rendered":"23e dimanche du temps ordinaire \u2013 B \u2013 5 septembre 2021"},"content":{"rendered":"\n<blockquote class=\"wp-block-quote is-layout-flow wp-block-quote-is-layout-flow\"><p>\u00ab Ouvre-toi ! \u00bb\u00a0<\/p><cite>Marc 7, 34<\/cite><\/blockquote>\n\n\n\n<figure class=\"wp-block-image size-full is-resized is-style-default\"><a href=\"https:\/\/levangilealecran.com\/wp-content\/uploads\/2021\/09\/20210905_Mc734.png\"><img loading=\"lazy\" decoding=\"async\" src=\"https:\/\/levangilealecran.com\/wp-content\/uploads\/2021\/09\/20210905_Mc734.png\" alt=\"\" class=\"wp-image-2381\" width=\"600\" height=\"600\" srcset=\"https:\/\/levangilealecran.com\/wp-content\/uploads\/2021\/09\/20210905_Mc734.png 1200w, https:\/\/levangilealecran.com\/wp-content\/uploads\/2021\/09\/20210905_Mc734-300x300.png 300w, https:\/\/levangilealecran.com\/wp-content\/uploads\/2021\/09\/20210905_Mc734-1024x1024.png 1024w, https:\/\/levangilealecran.com\/wp-content\/uploads\/2021\/09\/20210905_Mc734-150x150.png 150w, https:\/\/levangilealecran.com\/wp-content\/uploads\/2021\/09\/20210905_Mc734-768x768.png 768w, https:\/\/levangilealecran.com\/wp-content\/uploads\/2021\/09\/20210905_Mc734-600x600.png 600w\" sizes=\"auto, (max-width: 600px) 100vw, 600px\" \/><\/a><\/figure>\n\n\n\n<p class=\"wp-block-paragraph\"><strong>> L\u2019\u00e9vangile de cette semaine relate un miracle connu dans lequel J\u00e9sus gu\u00e9rit un sourd en lui rendant l\u2019ou\u00efe et par l\u00e0 aussi la possibilit\u00e9 de parler distinctement. En regardant de plus pr\u00e8s le texte, J\u00e9sus ordonne au sourd de s\u2019ouvrir\u00a0! Il ne parle pas de ses oreilles seulement, mais bien de la personne dans son entier.<\/strong><\/p>\n\n\n\n<p class=\"wp-block-paragraph\"><strong>D\u2019ailleurs, J\u00e9sus lui-m\u00eame fait preuve d\u2019ouverture, Il est ici en milieu pa\u00efen. Il a travers\u00e9 des fronti\u00e8res pour se rendre l\u00e0 o\u00f9 il est pour effectuer ce miracle\u00a0!<\/strong><\/p>\n\n\n\n<p class=\"wp-block-paragraph\"><strong>> Cette semaine, cherchons avec l\u2019aide de Dieu ce qui nous ferme \u00e0 sa Parole, ce qui nous replie sur nous-m\u00eame et ouvrons la voie \u00e0 l\u2019Esprit qui fait grandir\u00a0!<\/strong><\/p>\n","protected":false},"excerpt":{"rendered":"<p>\u00ab Ouvre-toi ! \u00bb\u00a0 Marc 7, 34 > L\u2019\u00e9vangile de cette semaine relate un miracle connu dans lequel J\u00e9sus gu\u00e9rit un sourd en lui rendant l\u2019ou\u00efe et par l\u00e0 aussi la possibilit\u00e9 de parler distinctement. En regardant de plus pr\u00e8s le texte, J\u00e9sus ordonne au sourd de s\u2019ouvrir\u00a0! Il ne parle pas de ses oreilles seulement, mais bien de la personne dans son entier. D\u2019ailleurs, J\u00e9sus lui-m\u00eame fait preuve d\u2019ouverture, Il est ici en milieu pa\u00efen. Il a travers\u00e9 des fronti\u00e8res pour se rendre l\u00e0 o\u00f9 il est pour effectuer ce miracle\u00a0! > Cette semaine, cherchons avec l\u2019aide de Dieu ce qui nous ferme \u00e0 sa Parole, ce qui nous \u2026 <a class=\"continue-reading-link\" href=\"https:\/\/levangilealecran.com\/?p=2380\"> Continue reading <span class=\"meta-nav\">&rarr; <\/span><\/a><\/p>\n","protected":false},"author":2005,"featured_media":0,"comment_status":"open","ping_status":"open","sticky":false,"template":"","format":"standard","meta":{"footnotes":""},"categories":[4,7],"tags":[340,373,118],"class_list":["post-2380","post","type-post","status-publish","format-standard","hentry","category-dimanche","category-marc","tag-accueil","tag-miracle","tag-ouverture"],"_links":{"self":[{"href":"https:\/\/levangilealecran.com\/index.php?rest_route=\/wp\/v2\/posts\/2380","targetHints":{"allow":["GET"]}}],"collection":[{"href":"https:\/\/levangilealecran.com\/index.php?rest_route=\/wp\/v2\/posts"}],"about":[{"href":"https:\/\/levangilealecran.com\/index.php?rest_route=\/wp\/v2\/types\/post"}],"author":[{"embeddable":true,"href":"https:\/\/levangilealecran.com\/index.php?rest_route=\/wp\/v2\/users\/2005"}],"replies":[{"embeddable":true,"href":"https:\/\/levangilealecran.com\/index.php?rest_route=%2Fwp%2Fv2%2Fcomments&post=2380"}],"version-history":[{"count":1,"href":"https:\/\/levangilealecran.com\/index.php?rest_route=\/wp\/v2\/posts\/2380\/revisions"}],"predecessor-version":[{"id":2382,"href":"https:\/\/levangilealecran.com\/index.php?rest_route=\/wp\/v2\/posts\/2380\/revisions\/2382"}],"wp:attachment":[{"href":"https:\/\/levangilealecran.com\/index.php?rest_route=%2Fwp%2Fv2%2Fmedia&parent=2380"}],"wp:term":[{"taxonomy":"category","embeddable":true,"href":"https:\/\/levangilealecran.com\/index.php?rest_route=%2Fwp%2Fv2%2Fcategories&post=2380"},{"taxonomy":"post_tag","embeddable":true,"href":"https:\/\/levangilealecran.com\/index.php?rest_route=%2Fwp%2Fv2%2Ftags&post=2380"}],"curies":[{"name":"wp","href":"https:\/\/api.w.org\/{rel}","templated":true}]}}