{"id":2372,"date":"2021-08-20T08:00:00","date_gmt":"2021-08-20T06:00:00","guid":{"rendered":"https:\/\/levangilealecran.com\/?p=2372"},"modified":"2021-08-17T21:38:13","modified_gmt":"2021-08-17T19:38:13","slug":"21e-dimanche-du-temps-ordinaire-b-22-aout-2021","status":"publish","type":"post","link":"https:\/\/levangilealecran.com\/?p=2372","title":{"rendered":"21e dimanche du temps ordinaire \u2013 B \u2013 22 ao\u00fbt 2021"},"content":{"rendered":"\n<blockquote class=\"wp-block-quote is-layout-flow wp-block-quote-is-layout-flow\"><p>\u00ab\u00a0Les paroles que je vous ai dites sont esprit\u00a0<br>et elles sont vie.\u00a0\u00a0\u00bb<\/p><cite>Jean 6,63b<\/cite><\/blockquote>\n\n\n\n<figure class=\"wp-block-image size-large\"><a href=\"https:\/\/levangilealecran.com\/wp-content\/uploads\/2021\/08\/Esprit-et-Vie.png\"><img loading=\"lazy\" decoding=\"async\" width=\"1024\" height=\"683\" src=\"https:\/\/levangilealecran.com\/wp-content\/uploads\/2021\/08\/Esprit-et-Vie-1024x683.png\" alt=\"\" class=\"wp-image-2373\" srcset=\"https:\/\/levangilealecran.com\/wp-content\/uploads\/2021\/08\/Esprit-et-Vie-1024x683.png 1024w, https:\/\/levangilealecran.com\/wp-content\/uploads\/2021\/08\/Esprit-et-Vie-300x200.png 300w, https:\/\/levangilealecran.com\/wp-content\/uploads\/2021\/08\/Esprit-et-Vie-768x512.png 768w, https:\/\/levangilealecran.com\/wp-content\/uploads\/2021\/08\/Esprit-et-Vie-600x400.png 600w, https:\/\/levangilealecran.com\/wp-content\/uploads\/2021\/08\/Esprit-et-Vie-150x100.png 150w, https:\/\/levangilealecran.com\/wp-content\/uploads\/2021\/08\/Esprit-et-Vie-225x150.png 225w, https:\/\/levangilealecran.com\/wp-content\/uploads\/2021\/08\/Esprit-et-Vie-1320x880.png 1320w, https:\/\/levangilealecran.com\/wp-content\/uploads\/2021\/08\/Esprit-et-Vie.png 1362w\" sizes=\"auto, (max-width: 1024px) 100vw, 1024px\" \/><\/a><\/figure>\n\n\n\n<p class=\"wp-block-paragraph\"><strong>> La premi\u00e8re action de chacune de mes journ\u00e9es est toujours de lire et m\u00e9diter quelques minutes les textes bibliques que nous propose telle ou telle communaut\u00e9 pour ce jour-l\u00e0. Ce repas spirituel du d\u00e9but de ma journ\u00e9e est plus important encore que le petit d\u00e9jeuner\u00a0: si je le n\u00e9glige, les forces me manquent tr\u00e8s rapidement dans la suite de mes activit\u00e9s.<\/strong><\/p>\n\n\n\n<p class=\"wp-block-paragraph\"><strong>> Croyez-moi ou non\u00a0: il ne se passe pas un matin sans que la Parole ne m\u2019apporte esprit et vie, si je lui donne une chance d\u2019agir. C\u2019est-\u00e0-dire si je la rumine quelque peu et que je la laisse d\u00e9ployer ses effets dans ma journ\u00e9e.\u00a0<\/strong><\/p>\n\n\n\n<p class=\"wp-block-paragraph\"><strong>> La Parole de Dieu est beaucoup plus qu\u2019un recueil de vieux textes compos\u00e9s il y a des si\u00e8cles. Elle est parole pour aujourd\u2019hui, pour ma vie de ce jour, pour le pr\u00e9sent. Elle enrichit la journ\u00e9e tout enti\u00e8re de celui ou de celle qui la laisse s\u2019exprimer d\u00e8s le matin. Essayez, vous verrez, cela illumine la journ\u00e9e\u2026\u00a0<\/strong><\/p>\n","protected":false},"excerpt":{"rendered":"<p>\u00ab\u00a0Les paroles que je vous ai dites sont esprit\u00a0et elles sont vie.\u00a0\u00a0\u00bb Jean 6,63b > La premi\u00e8re action de chacune de mes journ\u00e9es est toujours de lire et m\u00e9diter quelques minutes les textes bibliques que nous propose telle ou telle communaut\u00e9 pour ce jour-l\u00e0. Ce repas spirituel du d\u00e9but de ma journ\u00e9e est plus important encore que le petit d\u00e9jeuner\u00a0: si je le n\u00e9glige, les forces me manquent tr\u00e8s rapidement dans la suite de mes activit\u00e9s. > Croyez-moi ou non\u00a0: il ne se passe pas un matin sans que la Parole ne m\u2019apporte esprit et vie, si je lui donne une chance d\u2019agir. C\u2019est-\u00e0-dire si je la rumine quelque peu \u2026 <a class=\"continue-reading-link\" href=\"https:\/\/levangilealecran.com\/?p=2372\"> Continue reading <span class=\"meta-nav\">&rarr; <\/span><\/a><\/p>\n","protected":false},"author":2006,"featured_media":0,"comment_status":"open","ping_status":"open","sticky":false,"template":"","format":"standard","meta":{"footnotes":""},"categories":[4,5],"tags":[39,852,96],"class_list":["post-2372","post","type-post","status-publish","format-standard","hentry","category-dimanche","category-jean","tag-parole","tag-parole-de-dieu","tag-repas"],"_links":{"self":[{"href":"https:\/\/levangilealecran.com\/index.php?rest_route=\/wp\/v2\/posts\/2372","targetHints":{"allow":["GET"]}}],"collection":[{"href":"https:\/\/levangilealecran.com\/index.php?rest_route=\/wp\/v2\/posts"}],"about":[{"href":"https:\/\/levangilealecran.com\/index.php?rest_route=\/wp\/v2\/types\/post"}],"author":[{"embeddable":true,"href":"https:\/\/levangilealecran.com\/index.php?rest_route=\/wp\/v2\/users\/2006"}],"replies":[{"embeddable":true,"href":"https:\/\/levangilealecran.com\/index.php?rest_route=%2Fwp%2Fv2%2Fcomments&post=2372"}],"version-history":[{"count":1,"href":"https:\/\/levangilealecran.com\/index.php?rest_route=\/wp\/v2\/posts\/2372\/revisions"}],"predecessor-version":[{"id":2374,"href":"https:\/\/levangilealecran.com\/index.php?rest_route=\/wp\/v2\/posts\/2372\/revisions\/2374"}],"wp:attachment":[{"href":"https:\/\/levangilealecran.com\/index.php?rest_route=%2Fwp%2Fv2%2Fmedia&parent=2372"}],"wp:term":[{"taxonomy":"category","embeddable":true,"href":"https:\/\/levangilealecran.com\/index.php?rest_route=%2Fwp%2Fv2%2Fcategories&post=2372"},{"taxonomy":"post_tag","embeddable":true,"href":"https:\/\/levangilealecran.com\/index.php?rest_route=%2Fwp%2Fv2%2Ftags&post=2372"}],"curies":[{"name":"wp","href":"https:\/\/api.w.org\/{rel}","templated":true}]}}