{"id":2358,"date":"2021-08-06T08:00:00","date_gmt":"2021-08-06T06:00:00","guid":{"rendered":"https:\/\/levangilealecran.com\/?p=2358"},"modified":"2021-07-28T11:01:18","modified_gmt":"2021-07-28T09:01:18","slug":"19e-dimanche-du-temps-ordinaire-b-8-aout-2021","status":"publish","type":"post","link":"https:\/\/levangilealecran.com\/?p=2358","title":{"rendered":"19e dimanche du temps ordinaire \u2013 B \u2013 8 ao\u00fbt 2021"},"content":{"rendered":"\n<blockquote class=\"wp-block-quote is-layout-flow wp-block-quote-is-layout-flow\"><p>\u00ab\u00a0Au d\u00e9sert, vos p\u00e8res ont mang\u00e9 la manne,\u00a0et ils sont morts ;\u00a0mais le pain qui descend du ciel est tel\u00a0que celui qui en mange ne mourra pas. \u00bb<\/p><cite>\u00a0Jean 6, 49-50<\/cite><\/blockquote>\n\n\n\n<figure class=\"wp-block-image size-large\"><a href=\"https:\/\/levangilealecran.com\/wp-content\/uploads\/2021\/07\/ImageEvEcr2021_08_08.jpg\"><img loading=\"lazy\" decoding=\"async\" width=\"600\" height=\"600\" src=\"https:\/\/levangilealecran.com\/wp-content\/uploads\/2021\/07\/ImageEvEcr2021_08_08.jpg\" alt=\"\" class=\"wp-image-2359\" srcset=\"https:\/\/levangilealecran.com\/wp-content\/uploads\/2021\/07\/ImageEvEcr2021_08_08.jpg 600w, https:\/\/levangilealecran.com\/wp-content\/uploads\/2021\/07\/ImageEvEcr2021_08_08-300x300.jpg 300w, https:\/\/levangilealecran.com\/wp-content\/uploads\/2021\/07\/ImageEvEcr2021_08_08-150x150.jpg 150w\" sizes=\"auto, (max-width: 600px) 100vw, 600px\" \/><\/a><\/figure>\n\n\n\n<p class=\"wp-block-paragraph\"><strong>> Dans le d\u00e9sert, le peuple h\u00e9breu avait re\u00e7u la manne, don de Dieu pour se nourrir, pour tenir la longue marche, pour garder espoir face \u00e0 la menace de la mort. Aujourd\u2019hui aussi, nous recevons le pain vivant qu\u2019est J\u00e9sus pour nous nourrir, pour tenir notre longue marche, pour garder espoir face \u00e0 la menace de la mort. Mais ce pain est pain d\u2019\u00e9ternit\u00e9 qui permet de ne pas mourir. C\u2019est toute la diff\u00e9rence.<\/strong><\/p>\n\n\n\n<p class=\"wp-block-paragraph\"><strong>> Au fond, dans ce verset, J\u00e9sus veut changer notre regard sur la mort. Par sa vie et par la croix, J\u00e9sus nous offre la vie \u00e9ternelle comme une esp\u00e9rance qui vient se poser sur nos deuils. Pain vivant offert qui ouvre sur une esp\u00e9rance, le Christ se propose \u00e0 nous. Quelle sera notre r\u00e9ponse\u00a0?<\/strong><\/p>\n\n\n\n<p class=\"wp-block-paragraph\"><strong>> Plus profond\u00e9ment encore, ce passage d\u2019Evangile vient nous questionner\u00a0sur notre fa\u00e7on d\u2019\u00eatre au monde et t\u00e9moigner face \u00e0 la mort : comment pouvons-nous, nourris par l\u2019esp\u00e9rance du pain vivant qu\u2019est J\u00e9sus, \u00eatre des signes d\u2019esp\u00e9rance dans le monde actuel\u00a0? Une vraie question \u00e0 laquelle nous sommes invit\u00e9s \u00e0 r\u00e9fl\u00e9chir cette semaine.\u00a0<\/strong><\/p>\n","protected":false},"excerpt":{"rendered":"<p>\u00ab\u00a0Au d\u00e9sert, vos p\u00e8res ont mang\u00e9 la manne,\u00a0et ils sont morts ;\u00a0mais le pain qui descend du ciel est tel\u00a0que celui qui en mange ne mourra pas. \u00bb \u00a0Jean 6, 49-50 > Dans le d\u00e9sert, le peuple h\u00e9breu avait re\u00e7u la manne, don de Dieu pour se nourrir, pour tenir la longue marche, pour garder espoir face \u00e0 la menace de la mort. Aujourd\u2019hui aussi, nous recevons le pain vivant qu\u2019est J\u00e9sus pour nous nourrir, pour tenir notre longue marche, pour garder espoir face \u00e0 la menace de la mort. Mais ce pain est pain d\u2019\u00e9ternit\u00e9 qui permet de ne pas mourir. C\u2019est toute la diff\u00e9rence. > Au fond, dans \u2026 <a class=\"continue-reading-link\" href=\"https:\/\/levangilealecran.com\/?p=2358\"> Continue reading <span class=\"meta-nav\">&rarr; <\/span><\/a><\/p>\n","protected":false},"author":2006,"featured_media":0,"comment_status":"open","ping_status":"open","sticky":false,"template":"","format":"standard","meta":{"footnotes":""},"categories":[4,5],"tags":[50,235,91,277,266],"class_list":["post-2358","post","type-post","status-publish","format-standard","hentry","category-dimanche","category-jean","tag-esperance","tag-mort","tag-pain","tag-pain-de-vie","tag-temoigner"],"_links":{"self":[{"href":"https:\/\/levangilealecran.com\/index.php?rest_route=\/wp\/v2\/posts\/2358","targetHints":{"allow":["GET"]}}],"collection":[{"href":"https:\/\/levangilealecran.com\/index.php?rest_route=\/wp\/v2\/posts"}],"about":[{"href":"https:\/\/levangilealecran.com\/index.php?rest_route=\/wp\/v2\/types\/post"}],"author":[{"embeddable":true,"href":"https:\/\/levangilealecran.com\/index.php?rest_route=\/wp\/v2\/users\/2006"}],"replies":[{"embeddable":true,"href":"https:\/\/levangilealecran.com\/index.php?rest_route=%2Fwp%2Fv2%2Fcomments&post=2358"}],"version-history":[{"count":1,"href":"https:\/\/levangilealecran.com\/index.php?rest_route=\/wp\/v2\/posts\/2358\/revisions"}],"predecessor-version":[{"id":2360,"href":"https:\/\/levangilealecran.com\/index.php?rest_route=\/wp\/v2\/posts\/2358\/revisions\/2360"}],"wp:attachment":[{"href":"https:\/\/levangilealecran.com\/index.php?rest_route=%2Fwp%2Fv2%2Fmedia&parent=2358"}],"wp:term":[{"taxonomy":"category","embeddable":true,"href":"https:\/\/levangilealecran.com\/index.php?rest_route=%2Fwp%2Fv2%2Fcategories&post=2358"},{"taxonomy":"post_tag","embeddable":true,"href":"https:\/\/levangilealecran.com\/index.php?rest_route=%2Fwp%2Fv2%2Ftags&post=2358"}],"curies":[{"name":"wp","href":"https:\/\/api.w.org\/{rel}","templated":true}]}}