{"id":2354,"date":"2021-07-30T08:00:00","date_gmt":"2021-07-30T06:00:00","guid":{"rendered":"https:\/\/levangilealecran.com\/?p=2354"},"modified":"2021-07-28T10:44:49","modified_gmt":"2021-07-28T08:44:49","slug":"18e-dimanche-du-temps-ordinaire-b-1er-aout-2021","status":"publish","type":"post","link":"https:\/\/levangilealecran.com\/?p=2354","title":{"rendered":"18e dimanche du temps ordinaire \u2013 B &#8211; 1er ao\u00fbt 2021"},"content":{"rendered":"\n<blockquote class=\"wp-block-quote is-layout-flow wp-block-quote-is-layout-flow\"><p>\u00ab\u00a0Le pain de Dieu, c&rsquo;est celui qui descend du ciel pour donner la vie au monde.\u00a0\u00bb<\/p><cite>Jean 6,33<\/cite><\/blockquote>\n\n\n\n<figure class=\"wp-block-image size-large\"><a href=\"https:\/\/levangilealecran.com\/wp-content\/uploads\/2021\/07\/pastedImage.png\"><img loading=\"lazy\" decoding=\"async\" width=\"1024\" height=\"683\" src=\"https:\/\/levangilealecran.com\/wp-content\/uploads\/2021\/07\/pastedImage-1024x683.png\" alt=\"\" class=\"wp-image-2355\" srcset=\"https:\/\/levangilealecran.com\/wp-content\/uploads\/2021\/07\/pastedImage-1024x683.png 1024w, https:\/\/levangilealecran.com\/wp-content\/uploads\/2021\/07\/pastedImage-300x200.png 300w, https:\/\/levangilealecran.com\/wp-content\/uploads\/2021\/07\/pastedImage-768x512.png 768w, https:\/\/levangilealecran.com\/wp-content\/uploads\/2021\/07\/pastedImage-600x400.png 600w, https:\/\/levangilealecran.com\/wp-content\/uploads\/2021\/07\/pastedImage-1536x1024.png 1536w, https:\/\/levangilealecran.com\/wp-content\/uploads\/2021\/07\/pastedImage-2048x1365.png 2048w, https:\/\/levangilealecran.com\/wp-content\/uploads\/2021\/07\/pastedImage-150x100.png 150w, https:\/\/levangilealecran.com\/wp-content\/uploads\/2021\/07\/pastedImage-225x150.png 225w, https:\/\/levangilealecran.com\/wp-content\/uploads\/2021\/07\/pastedImage-1320x880.png 1320w\" sizes=\"auto, (max-width: 1024px) 100vw, 1024px\" \/><\/a><\/figure>\n\n\n\n<p class=\"wp-block-paragraph\"><strong>> Op\u00e9ration marketing r\u00e9ussie. La foule croissante se rue \u00e0 la poursuite de J\u00e9sus pour voir quel prochain miracle il fera, \u00e0 la suite de la multiplication des pains! Mais J\u00e9sus n&rsquo;est pas dupe: il sait bien qu&rsquo;ils le cherchent pour plus de signes et qu&rsquo;ils ont besoins d&rsquo;\u00eatre rassasi\u00e9s de pain terrestre! Alors il va tenter de les recentrer sur ce qui demeure et de les faire passer symboliquement du concret au spirituel, de leur faim toute humaine \u00e0 la faim du plus essentiel&#8230;<\/strong><\/p>\n\n\n\n<p class=\"wp-block-paragraph\"><strong>> Quand le sage d\u00e9signe la lune, l&rsquo;idiot regarde le doigt. La foule creuse sa m\u00e9moire pour trouver un signe dans l&rsquo;histoire du peuple d&rsquo;Isra\u00ebl et elle pense alors \u00e0 Mo\u00efse distribuant la manne. Plut\u00f4t que de mettre Mo\u00efse en avant, J\u00e9sus pointe vers Dieu le P\u00e8re pour donner plus de sens au don de la manne au d\u00e9sert, et du coup l&rsquo;analogie coule de Source: aujourd&rsquo;hui c&rsquo;est Lui qui va se faire pain de vie pour le monde, p\u00e9tri et fa\u00e7onn\u00e9 dans l&rsquo;Amour du P\u00e8re pour que les humains n&rsquo;aient plus jamais faim&#8230;<\/strong><\/p>\n\n\n\n<p class=\"wp-block-paragraph\"><strong>> A mon tour de me questionner: si je re\u00e7ois ce pain, quelle influence sur mes rencontres? Puis-je \u00e0 mon tour pointer \u00e0 travers elles non pas sur moi-m\u00eame avec toutes mes comp\u00e9tences&#8230; mais vers Celui qui m&rsquo;envoie? Si je me laisse p\u00e9trir comme du bon pain et fa\u00e7onner comme une hostie&#8230; pourra-t-on rencontrer \u00e0 travers moi Celui qui est la Source et qui b\u00e9nit ? Voil\u00e0 un beau d\u00e9fi pour \u00e9tancher nos soifs au coeur de l&rsquo;\u00e9t\u00e9 !<\/strong><\/p>\n","protected":false},"excerpt":{"rendered":"<p>\u00ab\u00a0Le pain de Dieu, c&rsquo;est celui qui descend du ciel pour donner la vie au monde.\u00a0\u00bb Jean 6,33 > Op\u00e9ration marketing r\u00e9ussie. La foule croissante se rue \u00e0 la poursuite de J\u00e9sus pour voir quel prochain miracle il fera, \u00e0 la suite de la multiplication des pains! Mais J\u00e9sus n&rsquo;est pas dupe: il sait bien qu&rsquo;ils le cherchent pour plus de signes et qu&rsquo;ils ont besoins d&rsquo;\u00eatre rassasi\u00e9s de pain terrestre! Alors il va tenter de les recentrer sur ce qui demeure et de les faire passer symboliquement du concret au spirituel, de leur faim toute humaine \u00e0 la faim du plus essentiel&#8230; > Quand le sage d\u00e9signe la lune, \u2026 <a class=\"continue-reading-link\" href=\"https:\/\/levangilealecran.com\/?p=2354\"> Continue reading <span class=\"meta-nav\">&rarr; <\/span><\/a><\/p>\n","protected":false},"author":2006,"featured_media":0,"comment_status":"open","ping_status":"open","sticky":false,"template":"","format":"standard","meta":{"footnotes":""},"categories":[4,5],"tags":[151,91,203,335],"class_list":["post-2354","post","type-post","status-publish","format-standard","hentry","category-dimanche","category-jean","tag-benir","tag-pain","tag-signes","tag-source"],"_links":{"self":[{"href":"https:\/\/levangilealecran.com\/index.php?rest_route=\/wp\/v2\/posts\/2354","targetHints":{"allow":["GET"]}}],"collection":[{"href":"https:\/\/levangilealecran.com\/index.php?rest_route=\/wp\/v2\/posts"}],"about":[{"href":"https:\/\/levangilealecran.com\/index.php?rest_route=\/wp\/v2\/types\/post"}],"author":[{"embeddable":true,"href":"https:\/\/levangilealecran.com\/index.php?rest_route=\/wp\/v2\/users\/2006"}],"replies":[{"embeddable":true,"href":"https:\/\/levangilealecran.com\/index.php?rest_route=%2Fwp%2Fv2%2Fcomments&post=2354"}],"version-history":[{"count":2,"href":"https:\/\/levangilealecran.com\/index.php?rest_route=\/wp\/v2\/posts\/2354\/revisions"}],"predecessor-version":[{"id":2357,"href":"https:\/\/levangilealecran.com\/index.php?rest_route=\/wp\/v2\/posts\/2354\/revisions\/2357"}],"wp:attachment":[{"href":"https:\/\/levangilealecran.com\/index.php?rest_route=%2Fwp%2Fv2%2Fmedia&parent=2354"}],"wp:term":[{"taxonomy":"category","embeddable":true,"href":"https:\/\/levangilealecran.com\/index.php?rest_route=%2Fwp%2Fv2%2Fcategories&post=2354"},{"taxonomy":"post_tag","embeddable":true,"href":"https:\/\/levangilealecran.com\/index.php?rest_route=%2Fwp%2Fv2%2Ftags&post=2354"}],"curies":[{"name":"wp","href":"https:\/\/api.w.org\/{rel}","templated":true}]}}