{"id":2348,"date":"2021-07-23T08:00:00","date_gmt":"2021-07-23T06:00:00","guid":{"rendered":"https:\/\/levangilealecran.com\/?p=2348"},"modified":"2021-07-21T12:50:16","modified_gmt":"2021-07-21T10:50:16","slug":"17e-dimanche-du-temps-ordinaire-b-25-juillet-2021","status":"publish","type":"post","link":"https:\/\/levangilealecran.com\/?p=2348","title":{"rendered":"17e dimanche du temps ordinaire \u2013 B \u2013 25 juillet 2021"},"content":{"rendered":"\n<blockquote class=\"wp-block-quote is-layout-flow wp-block-quote-is-layout-flow\"><p>Une foule nombreuse venait \u00e0 lui.&nbsp;\u00ab O\u00f9 pourrions-nous acheter du pain&nbsp;pour qu\u2019ils aient \u00e0 manger ? \u00bb.<\/p><cite>Jean 6, 5<\/cite><\/blockquote>\n\n\n\n<figure class=\"wp-block-image size-full is-resized\"><a href=\"https:\/\/levangilealecran.com\/wp-content\/uploads\/2021\/07\/20210725_Jn65.png\"><img loading=\"lazy\" decoding=\"async\" src=\"https:\/\/levangilealecran.com\/wp-content\/uploads\/2021\/07\/20210725_Jn65.png\" alt=\"\" class=\"wp-image-2349\" width=\"600\" height=\"600\" srcset=\"https:\/\/levangilealecran.com\/wp-content\/uploads\/2021\/07\/20210725_Jn65.png 1200w, https:\/\/levangilealecran.com\/wp-content\/uploads\/2021\/07\/20210725_Jn65-300x300.png 300w, https:\/\/levangilealecran.com\/wp-content\/uploads\/2021\/07\/20210725_Jn65-1024x1024.png 1024w, https:\/\/levangilealecran.com\/wp-content\/uploads\/2021\/07\/20210725_Jn65-150x150.png 150w, https:\/\/levangilealecran.com\/wp-content\/uploads\/2021\/07\/20210725_Jn65-768x768.png 768w, https:\/\/levangilealecran.com\/wp-content\/uploads\/2021\/07\/20210725_Jn65-600x600.png 600w\" sizes=\"auto, (max-width: 600px) 100vw, 600px\" \/><\/a><\/figure>\n\n\n\n<p class=\"wp-block-paragraph\">> Dans ce miracle connu de l\u2019\u00c9vangile mettons-nous avec la majorit\u00e9\u00a0: dans la foule immense de plus de 5000 personnes qui suit J\u00e9sus. Si l\u2019on se base que sur le texte personne ne se demande quand il y aura \u00e0 manger et quoi. De deux choses l\u2019une, soit les gens avaient confiance qu\u2019ils seraient rassasi\u00e9s, soit leur priorit\u00e9 \u00e9tait de suivre cet homme au vu \u00ab\u00a0des signes qu\u2019il accomplissait sur les malades\u00a0\u00bb, au d\u00e9triment de leur confort.\u00a0<br><br>Ce qui est encore \u00e0 noter dans ce passage c\u2019est que J\u00e9sus non plus ne se pose pas la question, il sait ce qu\u2019il va faire\u00a0! Pourtant il questionnera Philippe pour tester s\u2019il avait confiance dans la cr\u00e9ativit\u00e9 divine de J\u00e9sus. Son r\u00e9flexe est humain\u00a0: il r\u00e9fl\u00e9chira \u00e0 des aspects d\u2019ordres bien r\u00e9els, p\u00e9cuniaire et se sent limit\u00e9, bloqu\u00e9.<br><br>> Cette semaine tentons d\u2019\u00eatre dans une confiance aveugle envers Dieu face aux blocages de la r\u00e9alit\u00e9. Focalisons sur les signes que Dieu accomplit autour de nous. Soyez b\u00e9nis et rassasi\u00e9s\u00a0!<\/p>\n","protected":false},"excerpt":{"rendered":"<p>Une foule nombreuse venait \u00e0 lui.&nbsp;\u00ab O\u00f9 pourrions-nous acheter du pain&nbsp;pour qu\u2019ils aient \u00e0 manger ? \u00bb. Jean 6, 5 > Dans ce miracle connu de l\u2019\u00c9vangile mettons-nous avec la majorit\u00e9\u00a0: dans la foule immense de plus de 5000 personnes qui suit J\u00e9sus. Si l\u2019on se base que sur le texte personne ne se demande quand il y aura \u00e0 manger et quoi. De deux choses l\u2019une, soit les gens avaient confiance qu\u2019ils seraient rassasi\u00e9s, soit leur priorit\u00e9 \u00e9tait de suivre cet homme au vu \u00ab\u00a0des signes qu\u2019il accomplissait sur les malades\u00a0\u00bb, au d\u00e9triment de leur confort.\u00a0 Ce qui est encore \u00e0 noter dans ce passage c\u2019est que J\u00e9sus non \u2026 <a class=\"continue-reading-link\" href=\"https:\/\/levangilealecran.com\/?p=2348\"> Continue reading <span class=\"meta-nav\">&rarr; <\/span><\/a><\/p>\n","protected":false},"author":2005,"featured_media":0,"comment_status":"open","ping_status":"open","sticky":false,"template":"","format":"standard","meta":{"footnotes":""},"categories":[4,5],"tags":[26,849,848],"class_list":["post-2348","post","type-post","status-publish","format-standard","hentry","category-dimanche","category-jean","tag-confiance","tag-manger","tag-rassasie"],"_links":{"self":[{"href":"https:\/\/levangilealecran.com\/index.php?rest_route=\/wp\/v2\/posts\/2348","targetHints":{"allow":["GET"]}}],"collection":[{"href":"https:\/\/levangilealecran.com\/index.php?rest_route=\/wp\/v2\/posts"}],"about":[{"href":"https:\/\/levangilealecran.com\/index.php?rest_route=\/wp\/v2\/types\/post"}],"author":[{"embeddable":true,"href":"https:\/\/levangilealecran.com\/index.php?rest_route=\/wp\/v2\/users\/2005"}],"replies":[{"embeddable":true,"href":"https:\/\/levangilealecran.com\/index.php?rest_route=%2Fwp%2Fv2%2Fcomments&post=2348"}],"version-history":[{"count":3,"href":"https:\/\/levangilealecran.com\/index.php?rest_route=\/wp\/v2\/posts\/2348\/revisions"}],"predecessor-version":[{"id":2352,"href":"https:\/\/levangilealecran.com\/index.php?rest_route=\/wp\/v2\/posts\/2348\/revisions\/2352"}],"wp:attachment":[{"href":"https:\/\/levangilealecran.com\/index.php?rest_route=%2Fwp%2Fv2%2Fmedia&parent=2348"}],"wp:term":[{"taxonomy":"category","embeddable":true,"href":"https:\/\/levangilealecran.com\/index.php?rest_route=%2Fwp%2Fv2%2Fcategories&post=2348"},{"taxonomy":"post_tag","embeddable":true,"href":"https:\/\/levangilealecran.com\/index.php?rest_route=%2Fwp%2Fv2%2Ftags&post=2348"}],"curies":[{"name":"wp","href":"https:\/\/api.w.org\/{rel}","templated":true}]}}