{"id":2343,"date":"2021-07-16T08:00:00","date_gmt":"2021-07-16T06:00:00","guid":{"rendered":"https:\/\/levangilealecran.com\/?p=2343"},"modified":"2021-07-15T22:25:15","modified_gmt":"2021-07-15T20:25:15","slug":"16e-dimanche-du-temps-ordinaire-b-18-juillet-2021","status":"publish","type":"post","link":"https:\/\/levangilealecran.com\/?p=2343","title":{"rendered":"16e dimanche du temps ordinaire \u2013 B \u2013 18 juillet 2021"},"content":{"rendered":"\n<blockquote class=\"wp-block-quote is-layout-flow wp-block-quote-is-layout-flow\"><p>\u00ab\u00a0Venez \u00e0 l\u2019\u00e9cart dans un endroit d\u00e9sert, et reposez-vous un peu.\u00a0\u00bb <\/p><cite>Mc 6, 31<\/cite><\/blockquote>\n\n\n\n<figure class=\"wp-block-image size-large\"><a href=\"https:\/\/levangilealecran.com\/wp-content\/uploads\/2021\/07\/Capture-decran-2021-07-15-a-22.20.55.png\"><img loading=\"lazy\" decoding=\"async\" width=\"1024\" height=\"726\" src=\"https:\/\/levangilealecran.com\/wp-content\/uploads\/2021\/07\/Capture-decran-2021-07-15-a-22.20.55-1024x726.png\" alt=\"\" class=\"wp-image-2344\" srcset=\"https:\/\/levangilealecran.com\/wp-content\/uploads\/2021\/07\/Capture-decran-2021-07-15-a-22.20.55-1024x726.png 1024w, https:\/\/levangilealecran.com\/wp-content\/uploads\/2021\/07\/Capture-decran-2021-07-15-a-22.20.55-300x213.png 300w, https:\/\/levangilealecran.com\/wp-content\/uploads\/2021\/07\/Capture-decran-2021-07-15-a-22.20.55-768x545.png 768w, https:\/\/levangilealecran.com\/wp-content\/uploads\/2021\/07\/Capture-decran-2021-07-15-a-22.20.55-600x426.png 600w, https:\/\/levangilealecran.com\/wp-content\/uploads\/2021\/07\/Capture-decran-2021-07-15-a-22.20.55-1536x1090.png 1536w, https:\/\/levangilealecran.com\/wp-content\/uploads\/2021\/07\/Capture-decran-2021-07-15-a-22.20.55-2048x1453.png 2048w, https:\/\/levangilealecran.com\/wp-content\/uploads\/2021\/07\/Capture-decran-2021-07-15-a-22.20.55-150x106.png 150w, https:\/\/levangilealecran.com\/wp-content\/uploads\/2021\/07\/Capture-decran-2021-07-15-a-22.20.55-211x150.png 211w, https:\/\/levangilealecran.com\/wp-content\/uploads\/2021\/07\/Capture-decran-2021-07-15-a-22.20.55-1320x936.png 1320w\" sizes=\"auto, (max-width: 1024px) 100vw, 1024px\" \/><\/a><figcaption><a href=\"https:\/\/levangilealecran.com\/?p=2336\">15e dimanche du temps ordinaire \u2013 B \u2013 11 juillet 2021<\/a><\/figcaption><\/figure>\n\n\n\n<p class=\"wp-block-paragraph\"><strong>> Voil\u00e0 qui est bon \u00e0 entendre en ce mois de juillet. Laissons r\u00e9sonner et go\u00fbtons ces mots que J\u00e9sus adresse aux disciples que nous sommes. Il y est question de notre rapport \u00e0 l\u2019espace et au temps.<\/strong><\/p>\n\n\n\n<p class=\"wp-block-paragraph\"><strong>A l\u2019espace, avec l\u2019invitation redoubl\u00e9e \u00e0 venir non seulement \u00e0 l\u2019\u00e9cart mais dans un lieu d\u00e9sert \u2013 non pas n\u00e9cessairement d\u00e9sertique mais inhabit\u00e9, solitaire. Pour les Douze il s\u2019agissait de s\u2019\u00e9loigner du va-et-vient de la foule. Et moi, cet \u00e9t\u00e9, que suis-je appel\u00e9 \u00e0 mettre \u00e0 distance\u00a0?\u00a0<\/strong><\/p>\n\n\n\n<p class=\"wp-block-paragraph\"><strong>Au temps, dans \u00ab\u00a0reposez-vous un peu\u00a0\u00bb, on entend \u00ab\u00a0posez-vous\u00a0\u00bb. Pour se reposer, il faut se poser. Cesser de courir. Apr\u00e8s l\u2019invitation \u00e0 rejoindre un espace d\u00e9sencombr\u00e9, voici un appel \u00e0 vivre un temps d\u00e9sencombr\u00e9. Dans le mot \u00ab\u00a0vacances\u00a0\u00bb, il y a \u00ab\u00a0vacant\u00a0\u00bb, c\u2019est-\u00e0-dire \u00ab\u00a0vide\u00a0\u00bb. Ne nous h\u00e2tons pas de remplir ce temps qui nous est offert. Renon\u00e7ons \u00e0 lire tous les livres accumul\u00e9s au cours de l\u2019ann\u00e9e, \u00e0 visionner les s\u00e9ries que nous n\u2019avons pas pu voir. Red\u00e9couvrons les choses simples en prenant le temps de les vivre, faire le march\u00e9, fl\u00e2ner dans la campagne ou le long de la mer\u2026<\/strong><\/p>\n\n\n\n<p class=\"wp-block-paragraph\"><strong>Et surtout apprivoisons les mille et une notes du silence\u00a0: \u00e9couter la complainte du vent, le chant d\u2019un oiseau, le murmure d\u2019un ruisseau\u2026 \u00ab\u00a0On va bien prendre des bains de soleil. Pourquoi y a-t-il si peu de gens qui aient l\u2019id\u00e9e de prendre des bains de silence\u00a0? (Paul Claudel)<\/strong><\/p>\n\n\n\n<p class=\"wp-block-paragraph\"><strong>Dans cet espace et ce temps vacants, demandons la gr\u00e2ce de percevoir la \u00ab\u00a0voix de fin silence\u00a0\u00bb (1 Rois 19, 12) de Celui qui nous dit \u00ab\u00a0Je te conduirai au d\u00e9sert et je parlerai \u00e0 ton c\u0153ur.\u00a0\u00bb (Os\u00e9e 2, 16)<\/strong><\/p>\n","protected":false},"excerpt":{"rendered":"<p>\u00ab\u00a0Venez \u00e0 l\u2019\u00e9cart dans un endroit d\u00e9sert, et reposez-vous un peu.\u00a0\u00bb Mc 6, 31 > Voil\u00e0 qui est bon \u00e0 entendre en ce mois de juillet. Laissons r\u00e9sonner et go\u00fbtons ces mots que J\u00e9sus adresse aux disciples que nous sommes. Il y est question de notre rapport \u00e0 l\u2019espace et au temps. A l\u2019espace, avec l\u2019invitation redoubl\u00e9e \u00e0 venir non seulement \u00e0 l\u2019\u00e9cart mais dans un lieu d\u00e9sert \u2013 non pas n\u00e9cessairement d\u00e9sertique mais inhabit\u00e9, solitaire. Pour les Douze il s\u2019agissait de s\u2019\u00e9loigner du va-et-vient de la foule. Et moi, cet \u00e9t\u00e9, que suis-je appel\u00e9 \u00e0 mettre \u00e0 distance\u00a0?\u00a0 Au temps, dans \u00ab\u00a0reposez-vous un peu\u00a0\u00bb, on entend \u00ab\u00a0posez-vous\u00a0\u00bb. Pour se \u2026 <a class=\"continue-reading-link\" href=\"https:\/\/levangilealecran.com\/?p=2343\"> Continue reading <span class=\"meta-nav\">&rarr; <\/span><\/a><\/p>\n","protected":false},"author":2006,"featured_media":0,"comment_status":"open","ping_status":"open","sticky":false,"template":"","format":"standard","meta":{"footnotes":""},"categories":[4,7],"tags":[289,284,189,259],"class_list":["post-2343","post","type-post","status-publish","format-standard","hentry","category-dimanche","category-marc","tag-desert","tag-repos","tag-silence","tag-vide"],"_links":{"self":[{"href":"https:\/\/levangilealecran.com\/index.php?rest_route=\/wp\/v2\/posts\/2343","targetHints":{"allow":["GET"]}}],"collection":[{"href":"https:\/\/levangilealecran.com\/index.php?rest_route=\/wp\/v2\/posts"}],"about":[{"href":"https:\/\/levangilealecran.com\/index.php?rest_route=\/wp\/v2\/types\/post"}],"author":[{"embeddable":true,"href":"https:\/\/levangilealecran.com\/index.php?rest_route=\/wp\/v2\/users\/2006"}],"replies":[{"embeddable":true,"href":"https:\/\/levangilealecran.com\/index.php?rest_route=%2Fwp%2Fv2%2Fcomments&post=2343"}],"version-history":[{"count":1,"href":"https:\/\/levangilealecran.com\/index.php?rest_route=\/wp\/v2\/posts\/2343\/revisions"}],"predecessor-version":[{"id":2345,"href":"https:\/\/levangilealecran.com\/index.php?rest_route=\/wp\/v2\/posts\/2343\/revisions\/2345"}],"wp:attachment":[{"href":"https:\/\/levangilealecran.com\/index.php?rest_route=%2Fwp%2Fv2%2Fmedia&parent=2343"}],"wp:term":[{"taxonomy":"category","embeddable":true,"href":"https:\/\/levangilealecran.com\/index.php?rest_route=%2Fwp%2Fv2%2Fcategories&post=2343"},{"taxonomy":"post_tag","embeddable":true,"href":"https:\/\/levangilealecran.com\/index.php?rest_route=%2Fwp%2Fv2%2Ftags&post=2343"}],"curies":[{"name":"wp","href":"https:\/\/api.w.org\/{rel}","templated":true}]}}