{"id":2336,"date":"2021-07-09T08:00:00","date_gmt":"2021-07-09T06:00:00","guid":{"rendered":"https:\/\/levangilealecran.com\/?p=2336"},"modified":"2021-07-08T22:09:05","modified_gmt":"2021-07-08T20:09:05","slug":"2336","status":"publish","type":"post","link":"https:\/\/levangilealecran.com\/?p=2336","title":{"rendered":"15e dimanche du temps ordinaire \u2013 B \u2013 11 juillet 2021"},"content":{"rendered":"\n<blockquote class=\"wp-block-quote is-layout-flow wp-block-quote-is-layout-flow\"><p>\u00ab J\u00e9sus appela les Douze ; alors il commen\u00e7a \u00e0 les envoyer en mission deux par deux. \u00bb<\/p><cite>Marc 6,7<\/cite><\/blockquote>\n\n\n\n<figure class=\"wp-block-image size-large\"><a href=\"https:\/\/levangilealecran.com\/wp-content\/uploads\/2021\/07\/Mc-6-7.jpg\"><img loading=\"lazy\" decoding=\"async\" width=\"1024\" height=\"681\" src=\"https:\/\/levangilealecran.com\/wp-content\/uploads\/2021\/07\/Mc-6-7-1024x681.jpg\" alt=\"\" class=\"wp-image-2337\" srcset=\"https:\/\/levangilealecran.com\/wp-content\/uploads\/2021\/07\/Mc-6-7-1024x681.jpg 1024w, https:\/\/levangilealecran.com\/wp-content\/uploads\/2021\/07\/Mc-6-7-300x199.jpg 300w, https:\/\/levangilealecran.com\/wp-content\/uploads\/2021\/07\/Mc-6-7-768x511.jpg 768w, https:\/\/levangilealecran.com\/wp-content\/uploads\/2021\/07\/Mc-6-7-600x399.jpg 600w, https:\/\/levangilealecran.com\/wp-content\/uploads\/2021\/07\/Mc-6-7-150x100.jpg 150w, https:\/\/levangilealecran.com\/wp-content\/uploads\/2021\/07\/Mc-6-7-226x150.jpg 226w, https:\/\/levangilealecran.com\/wp-content\/uploads\/2021\/07\/Mc-6-7.jpg 1092w\" sizes=\"auto, (max-width: 1024px) 100vw, 1024px\" \/><\/a><\/figure>\n\n\n\n<p class=\"wp-block-paragraph\"><strong>&gt; J\u00e9sus n\u2019envoie jamais personne seul lorsqu\u2019il s\u2019agit de convertir, de gu\u00e9rir, d\u2019\u00e9vang\u00e9liser.<\/strong><\/p>\n\n\n\n<p class=\"wp-block-paragraph\"><strong>Quelle que soit notre vie \u2013 y compris de c\u00e9libataire \u2013 nous ne sommes pas envoy\u00e9s seuls dans le monde. Cherchons donc la personne que Dieu a voulu nous associer pour telle ou telle mission. Elle peut \u00eatre diff\u00e9rente suivant la mission. Puis prenons le temps de parler \u00e0 Dieu avec cette personne pour que l\u2019envoi soit aussi enracin\u00e9 dans la pri\u00e8re.<\/strong><\/p>\n\n\n\n<p class=\"wp-block-paragraph\"><strong>C\u2019est ainsi que nous porterons du fruit dans nos vies et dans le monde.<\/strong><\/p>\n","protected":false},"excerpt":{"rendered":"<p>\u00ab J\u00e9sus appela les Douze ; alors il commen\u00e7a \u00e0 les envoyer en mission deux par deux. \u00bb Marc 6,7 &gt; J\u00e9sus n\u2019envoie jamais personne seul lorsqu\u2019il s\u2019agit de convertir, de gu\u00e9rir, d\u2019\u00e9vang\u00e9liser. Quelle que soit notre vie \u2013 y compris de c\u00e9libataire \u2013 nous ne sommes pas envoy\u00e9s seuls dans le monde. Cherchons donc la personne que Dieu a voulu nous associer pour telle ou telle mission. Elle peut \u00eatre diff\u00e9rente suivant la mission. Puis prenons le temps de parler \u00e0 Dieu avec cette personne pour que l\u2019envoi soit aussi enracin\u00e9 dans la pri\u00e8re. C\u2019est ainsi que nous porterons du fruit dans nos vies et dans le monde.<\/p>\n","protected":false},"author":2006,"featured_media":0,"comment_status":"open","ping_status":"open","sticky":false,"template":"","format":"standard","meta":{"footnotes":""},"categories":[4,7],"tags":[846,847,273,31],"class_list":["post-2336","post","type-post","status-publish","format-standard","hentry","category-dimanche","category-marc","tag-evangeliser","tag-fruit","tag-mission","tag-priere"],"_links":{"self":[{"href":"https:\/\/levangilealecran.com\/index.php?rest_route=\/wp\/v2\/posts\/2336","targetHints":{"allow":["GET"]}}],"collection":[{"href":"https:\/\/levangilealecran.com\/index.php?rest_route=\/wp\/v2\/posts"}],"about":[{"href":"https:\/\/levangilealecran.com\/index.php?rest_route=\/wp\/v2\/types\/post"}],"author":[{"embeddable":true,"href":"https:\/\/levangilealecran.com\/index.php?rest_route=\/wp\/v2\/users\/2006"}],"replies":[{"embeddable":true,"href":"https:\/\/levangilealecran.com\/index.php?rest_route=%2Fwp%2Fv2%2Fcomments&post=2336"}],"version-history":[{"count":2,"href":"https:\/\/levangilealecran.com\/index.php?rest_route=\/wp\/v2\/posts\/2336\/revisions"}],"predecessor-version":[{"id":2340,"href":"https:\/\/levangilealecran.com\/index.php?rest_route=\/wp\/v2\/posts\/2336\/revisions\/2340"}],"wp:attachment":[{"href":"https:\/\/levangilealecran.com\/index.php?rest_route=%2Fwp%2Fv2%2Fmedia&parent=2336"}],"wp:term":[{"taxonomy":"category","embeddable":true,"href":"https:\/\/levangilealecran.com\/index.php?rest_route=%2Fwp%2Fv2%2Fcategories&post=2336"},{"taxonomy":"post_tag","embeddable":true,"href":"https:\/\/levangilealecran.com\/index.php?rest_route=%2Fwp%2Fv2%2Ftags&post=2336"}],"curies":[{"name":"wp","href":"https:\/\/api.w.org\/{rel}","templated":true}]}}