{"id":2333,"date":"2021-07-02T09:58:34","date_gmt":"2021-07-02T07:58:34","guid":{"rendered":"https:\/\/levangilealecran.com\/?p=2333"},"modified":"2021-07-16T17:38:21","modified_gmt":"2021-07-16T15:38:21","slug":"14e-dimanche-du-temps-ordinaire-b-4-juillet-2021","status":"publish","type":"post","link":"https:\/\/levangilealecran.com\/?p=2333","title":{"rendered":"14e dimanche du temps ordinaire &#8211; B &#8211; 4 juillet 2021"},"content":{"rendered":"\n<blockquote class=\"wp-block-quote is-layout-flow wp-block-quote-is-layout-flow\"><p>\u00ab&nbsp;J\u00e9sus partit de l\u00e0, et se rendit dans sa patrie&nbsp;\u00bb<\/p><cite>Marc 6, 1<\/cite><\/blockquote>\n\n\n\n<figure class=\"wp-block-image size-large\"><a href=\"https:\/\/levangilealecran.com\/wp-content\/uploads\/2021\/07\/directory-2664470-scaled.jpg\"><img loading=\"lazy\" decoding=\"async\" width=\"1024\" height=\"423\" src=\"https:\/\/levangilealecran.com\/wp-content\/uploads\/2021\/07\/directory-2664470-1024x423.jpg\" alt=\"\" class=\"wp-image-2334\" srcset=\"https:\/\/levangilealecran.com\/wp-content\/uploads\/2021\/07\/directory-2664470-1024x423.jpg 1024w, https:\/\/levangilealecran.com\/wp-content\/uploads\/2021\/07\/directory-2664470-300x124.jpg 300w, https:\/\/levangilealecran.com\/wp-content\/uploads\/2021\/07\/directory-2664470-768x317.jpg 768w, https:\/\/levangilealecran.com\/wp-content\/uploads\/2021\/07\/directory-2664470-600x248.jpg 600w, https:\/\/levangilealecran.com\/wp-content\/uploads\/2021\/07\/directory-2664470-1536x634.jpg 1536w, https:\/\/levangilealecran.com\/wp-content\/uploads\/2021\/07\/directory-2664470-2048x846.jpg 2048w, https:\/\/levangilealecran.com\/wp-content\/uploads\/2021\/07\/directory-2664470-150x62.jpg 150w, https:\/\/levangilealecran.com\/wp-content\/uploads\/2021\/07\/directory-2664470-250x103.jpg 250w, https:\/\/levangilealecran.com\/wp-content\/uploads\/2021\/07\/directory-2664470-1320x545.jpg 1320w\" sizes=\"auto, (max-width: 1024px) 100vw, 1024px\" \/><\/a><\/figure>\n\n\n\n<p class=\"wp-block-paragraph\"><strong><u>Une question de patrie<\/u><\/strong><\/p>\n\n\n\n<p class=\"wp-block-paragraph\"><strong>&gt; La consultation d\u2019un dictionnaire nous apprend que \u201cla patrie est la terre des anc\u00eatres. Le mot patrie chez les anciens signifiait la terre des p\u00e8res,&nbsp;<em>terra patria<\/em>. La patrie de chaque homme \u00e9tait la part de sol que sa religion avait sanctifi\u00e9e\u201d. Etrange n\u2019est-ce pas d\u2019\u00e9voquer la patrie de Celui qui n\u2019avait pas o\u00f9 reposer sa t\u00eate&nbsp;? (Matthieu 8, 20). Qu\u2019esp\u00e9rait donc J\u00e9sus en se rendant dans son pays natal&nbsp;? Il vient de gu\u00e9rir un d\u00e9moniaque, une femme atteinte d&rsquo;une perte de sang. Il a ressuscit\u00e9 la fille de Ja\u00efrus et fait plusieurs autres miracles sans doute. Peut-\u00eatre aspire-t-Il \u00e0 trouver du repos, de la compr\u00e9hension de la part des siens&nbsp;? Mais, \u201cun proph\u00e8te n&rsquo;est m\u00e9pris\u00e9 que dans sa patrie, parmi ses parents, et dans sa maison\u201d.<\/strong><\/p>\n\n\n\n<p class=\"wp-block-paragraph\"><strong>Il en va de m\u00eame pour nous\u00a0; nous pouvons \u00eatre brinquebal\u00e9s par les \u00e9v\u00e9nements. Spontan\u00e9ment, nous cherchons alors du repos aupr\u00e8s des n\u00f4tres\u2026 Mais, voil\u00e0, la r\u00e9ponse n\u2019est pas l\u00e0. N\u2019oublions pas que \u201cnotre cit\u00e9 \u00e0 nous est dans les cieux, d&rsquo;o\u00f9 nous attendons aussi comme Sauveur le Seigneur J\u00e9sus-Christ\u201d (Philippiens 3, 20) et \u201cqu\u2019il est tel ami plus attach\u00e9 qu&rsquo;un fr\u00e8re\u201d. (Proverbes 18, 24)<\/strong><\/p>\n\n\n\n<p class=\"wp-block-paragraph\"><strong>Quand notre c\u0153ur est lourd, cherchons en l\u2019Ami supr\u00eame le secours et le repos tant attendus.<\/strong><\/p>\n","protected":false},"excerpt":{"rendered":"<p>\u00ab&nbsp;J\u00e9sus partit de l\u00e0, et se rendit dans sa patrie&nbsp;\u00bb Marc 6, 1 Une question de patrie &gt; La consultation d\u2019un dictionnaire nous apprend que \u201cla patrie est la terre des anc\u00eatres. Le mot patrie chez les anciens signifiait la terre des p\u00e8res,&nbsp;terra patria. La patrie de chaque homme \u00e9tait la part de sol que sa religion avait sanctifi\u00e9e\u201d. Etrange n\u2019est-ce pas d\u2019\u00e9voquer la patrie de Celui qui n\u2019avait pas o\u00f9 reposer sa t\u00eate&nbsp;? (Matthieu 8, 20). Qu\u2019esp\u00e9rait donc J\u00e9sus en se rendant dans son pays natal&nbsp;? Il vient de gu\u00e9rir un d\u00e9moniaque, une femme atteinte d&rsquo;une perte de sang. Il a ressuscit\u00e9 la fille de Ja\u00efrus et fait plusieurs \u2026 <a class=\"continue-reading-link\" href=\"https:\/\/levangilealecran.com\/?p=2333\"> Continue reading <span class=\"meta-nav\">&rarr; <\/span><\/a><\/p>\n","protected":false},"author":2006,"featured_media":0,"comment_status":"open","ping_status":"open","sticky":false,"template":"","format":"standard","meta":{"footnotes":""},"categories":[4,7],"tags":[845,844,284,13],"class_list":["post-2333","post","type-post","status-publish","format-standard","hentry","category-dimanche","category-marc","tag-maison","tag-patrie","tag-repos","tag-sauveur"],"_links":{"self":[{"href":"https:\/\/levangilealecran.com\/index.php?rest_route=\/wp\/v2\/posts\/2333","targetHints":{"allow":["GET"]}}],"collection":[{"href":"https:\/\/levangilealecran.com\/index.php?rest_route=\/wp\/v2\/posts"}],"about":[{"href":"https:\/\/levangilealecran.com\/index.php?rest_route=\/wp\/v2\/types\/post"}],"author":[{"embeddable":true,"href":"https:\/\/levangilealecran.com\/index.php?rest_route=\/wp\/v2\/users\/2006"}],"replies":[{"embeddable":true,"href":"https:\/\/levangilealecran.com\/index.php?rest_route=%2Fwp%2Fv2%2Fcomments&post=2333"}],"version-history":[{"count":2,"href":"https:\/\/levangilealecran.com\/index.php?rest_route=\/wp\/v2\/posts\/2333\/revisions"}],"predecessor-version":[{"id":2346,"href":"https:\/\/levangilealecran.com\/index.php?rest_route=\/wp\/v2\/posts\/2333\/revisions\/2346"}],"wp:attachment":[{"href":"https:\/\/levangilealecran.com\/index.php?rest_route=%2Fwp%2Fv2%2Fmedia&parent=2333"}],"wp:term":[{"taxonomy":"category","embeddable":true,"href":"https:\/\/levangilealecran.com\/index.php?rest_route=%2Fwp%2Fv2%2Fcategories&post=2333"},{"taxonomy":"post_tag","embeddable":true,"href":"https:\/\/levangilealecran.com\/index.php?rest_route=%2Fwp%2Fv2%2Ftags&post=2333"}],"curies":[{"name":"wp","href":"https:\/\/api.w.org\/{rel}","templated":true}]}}