{"id":2327,"date":"2021-06-25T08:00:00","date_gmt":"2021-06-25T06:00:00","guid":{"rendered":"https:\/\/levangilealecran.com\/?p=2327"},"modified":"2021-06-25T11:17:17","modified_gmt":"2021-06-25T09:17:17","slug":"13e-dimanche-du-temps-ordinaire-b-27-juin-2021","status":"publish","type":"post","link":"https:\/\/levangilealecran.com\/?p=2327","title":{"rendered":"13e dimanche du temps ordinaire &#8211; B &#8211; 27 juin 2021"},"content":{"rendered":"\n<blockquote class=\"wp-block-quote is-layout-flow wp-block-quote-is-layout-flow\"><p>\u00ab\u00a0Elle sut, dans son corps, qu&rsquo;elle \u00e9tait gu\u00e9rie de son mal. J\u00e9sus sut aussit\u00f4t, en lui m\u00eame, qu&rsquo;une force \u00e9tait sortie de lui.\u00a0\u00bb<\/p><cite>Marc 5,29-30<\/cite><\/blockquote>\n\n\n\n<figure class=\"wp-block-image size-large\"><a href=\"https:\/\/levangilealecran.com\/wp-content\/uploads\/2021\/06\/20210624_191817.jpg\"><img loading=\"lazy\" decoding=\"async\" width=\"665\" height=\"786\" src=\"https:\/\/levangilealecran.com\/wp-content\/uploads\/2021\/06\/20210624_191817.jpg\" alt=\"\" class=\"wp-image-2328\" srcset=\"https:\/\/levangilealecran.com\/wp-content\/uploads\/2021\/06\/20210624_191817.jpg 665w, https:\/\/levangilealecran.com\/wp-content\/uploads\/2021\/06\/20210624_191817-254x300.jpg 254w, https:\/\/levangilealecran.com\/wp-content\/uploads\/2021\/06\/20210624_191817-600x709.jpg 600w, https:\/\/levangilealecran.com\/wp-content\/uploads\/2021\/06\/20210624_191817-127x150.jpg 127w\" sizes=\"auto, (max-width: 665px) 100vw, 665px\" \/><\/a><\/figure>\n\n\n\n<p class=\"wp-block-paragraph\"><strong>> \u00c9trange \u00e9conomie des sensations: au milieu de toute cette foule qui l&rsquo;entra\u00eene vers la maison de Jairus pour une urgence de vie ou de mort, voil\u00e0 que J\u00e9sus s&rsquo;arr\u00eate pour un banal effleurement&#8230; et qu&rsquo;il ressent dans sa chair le message clair que quelque chose est sorti de lui! Un message qui fait \u00e9cho au tressaillement de la femme qui, de son cot\u00e9, sait dans son corps qu&rsquo;elle est gu\u00e9rie.<\/strong><\/p>\n\n\n\n<p class=\"wp-block-paragraph\"><strong>Est ce que je sais \u00e9couter les messages de mon corps? Les d\u00e9coder pour y d\u00e9celer les signaux d&rsquo;alarme ou les appels que ce corps me lance? Et si Dieu me parlait &#8230; \u00e0 travers mon corps ?<\/strong><\/p>\n\n\n\n<p class=\"wp-block-paragraph\"><strong>Malgr\u00e9 les sollicitations de toute part, porter attention \u00e0 des d\u00e9tails qui n&rsquo;en sont pas, \u00e0 l&rsquo;intuition qui m&rsquo;enjoint \u00e0 \u00eatre sensible \u00e0 l&rsquo;essentiel, \u00e0 ce qui se passe sous les apparences. Voil\u00e0 un beau d\u00e9fi \u00e0 l&rsquo;heure o\u00f9 nous pouvons gentiment commencer \u00e0 tomber les masques !<\/strong><\/p>\n","protected":false},"excerpt":{"rendered":"<p>\u00ab\u00a0Elle sut, dans son corps, qu&rsquo;elle \u00e9tait gu\u00e9rie de son mal. J\u00e9sus sut aussit\u00f4t, en lui m\u00eame, qu&rsquo;une force \u00e9tait sortie de lui.\u00a0\u00bb Marc 5,29-30 > \u00c9trange \u00e9conomie des sensations: au milieu de toute cette foule qui l&rsquo;entra\u00eene vers la maison de Jairus pour une urgence de vie ou de mort, voil\u00e0 que J\u00e9sus s&rsquo;arr\u00eate pour un banal effleurement&#8230; et qu&rsquo;il ressent dans sa chair le message clair que quelque chose est sorti de lui! Un message qui fait \u00e9cho au tressaillement de la femme qui, de son cot\u00e9, sait dans son corps qu&rsquo;elle est gu\u00e9rie. Est ce que je sais \u00e9couter les messages de mon corps? Les d\u00e9coder pour \u2026 <a class=\"continue-reading-link\" href=\"https:\/\/levangilealecran.com\/?p=2327\"> Continue reading <span class=\"meta-nav\">&rarr; <\/span><\/a><\/p>\n","protected":false},"author":2006,"featured_media":0,"comment_status":"open","ping_status":"open","sticky":false,"template":"","format":"standard","meta":{"footnotes":""},"categories":[4,7],"tags":[632,153,373],"class_list":["post-2327","post","type-post","status-publish","format-standard","hentry","category-dimanche","category-marc","tag-corps","tag-guerison","tag-miracle"],"_links":{"self":[{"href":"https:\/\/levangilealecran.com\/index.php?rest_route=\/wp\/v2\/posts\/2327","targetHints":{"allow":["GET"]}}],"collection":[{"href":"https:\/\/levangilealecran.com\/index.php?rest_route=\/wp\/v2\/posts"}],"about":[{"href":"https:\/\/levangilealecran.com\/index.php?rest_route=\/wp\/v2\/types\/post"}],"author":[{"embeddable":true,"href":"https:\/\/levangilealecran.com\/index.php?rest_route=\/wp\/v2\/users\/2006"}],"replies":[{"embeddable":true,"href":"https:\/\/levangilealecran.com\/index.php?rest_route=%2Fwp%2Fv2%2Fcomments&post=2327"}],"version-history":[{"count":2,"href":"https:\/\/levangilealecran.com\/index.php?rest_route=\/wp\/v2\/posts\/2327\/revisions"}],"predecessor-version":[{"id":2330,"href":"https:\/\/levangilealecran.com\/index.php?rest_route=\/wp\/v2\/posts\/2327\/revisions\/2330"}],"wp:attachment":[{"href":"https:\/\/levangilealecran.com\/index.php?rest_route=%2Fwp%2Fv2%2Fmedia&parent=2327"}],"wp:term":[{"taxonomy":"category","embeddable":true,"href":"https:\/\/levangilealecran.com\/index.php?rest_route=%2Fwp%2Fv2%2Fcategories&post=2327"},{"taxonomy":"post_tag","embeddable":true,"href":"https:\/\/levangilealecran.com\/index.php?rest_route=%2Fwp%2Fv2%2Ftags&post=2327"}],"curies":[{"name":"wp","href":"https:\/\/api.w.org\/{rel}","templated":true}]}}