{"id":2324,"date":"2021-06-18T20:47:50","date_gmt":"2021-06-18T18:47:50","guid":{"rendered":"https:\/\/levangilealecran.com\/?p=2324"},"modified":"2021-06-18T20:47:50","modified_gmt":"2021-06-18T18:47:50","slug":"12e-dimanche-du-temps-ordinaire-b-20-juin-2021","status":"publish","type":"post","link":"https:\/\/levangilealecran.com\/?p=2324","title":{"rendered":"12e dimanche du temps ordinaire \u2013 B \u2013 20 juin 2021"},"content":{"rendered":"\n<blockquote class=\"wp-block-quote is-layout-flow wp-block-quote-is-layout-flow\"><p>\u00ab Le soir venu, J\u00e9sus dit \u00e0 ses disciples : \u2018Passons sur l\u2019autre rive.\u2019 \u00bb <\/p><cite>Marc 4,35<\/cite><\/blockquote>\n\n\n\n<figure class=\"wp-block-image size-large\"><a href=\"https:\/\/levangilealecran.com\/wp-content\/uploads\/2021\/06\/EALE-Passons-sur-lautre-rive-Mc-4-35.jpg\"><img loading=\"lazy\" decoding=\"async\" width=\"885\" height=\"619\" src=\"https:\/\/levangilealecran.com\/wp-content\/uploads\/2021\/06\/EALE-Passons-sur-lautre-rive-Mc-4-35.jpg\" alt=\"\" class=\"wp-image-2325\" srcset=\"https:\/\/levangilealecran.com\/wp-content\/uploads\/2021\/06\/EALE-Passons-sur-lautre-rive-Mc-4-35.jpg 885w, https:\/\/levangilealecran.com\/wp-content\/uploads\/2021\/06\/EALE-Passons-sur-lautre-rive-Mc-4-35-300x210.jpg 300w, https:\/\/levangilealecran.com\/wp-content\/uploads\/2021\/06\/EALE-Passons-sur-lautre-rive-Mc-4-35-768x537.jpg 768w, https:\/\/levangilealecran.com\/wp-content\/uploads\/2021\/06\/EALE-Passons-sur-lautre-rive-Mc-4-35-600x420.jpg 600w, https:\/\/levangilealecran.com\/wp-content\/uploads\/2021\/06\/EALE-Passons-sur-lautre-rive-Mc-4-35-150x105.jpg 150w, https:\/\/levangilealecran.com\/wp-content\/uploads\/2021\/06\/EALE-Passons-sur-lautre-rive-Mc-4-35-214x150.jpg 214w\" sizes=\"auto, (max-width: 885px) 100vw, 885px\" \/><\/a><\/figure>\n\n\n\n<p class=\"wp-block-paragraph\"><strong>> Au seuil de l\u2019\u00e9t\u00e9, nous sommes nombreux \u00e0 passer sur une autre rive, celle des vacances, celle de la mer ou, du moins, des paysages diff\u00e9rents de ceux de notre quotidien.<\/strong><\/p>\n\n\n\n<p class=\"wp-block-paragraph\"><strong>> Mais si la pand\u00e9mie que nous subissons nous donnait l\u2019occasion de v\u00e9ritablement envisager la vie d\u2019un autre c\u00f4t\u00e9 ? De profiter enfin du temps que nous avons pour dire aux autres qu\u2019on les aime, par exemple. De faire enfin ce que l\u2019on reporte depuis tant de temps et qu\u2019il s\u2019agit de vivre aujourd\u2019hui et maintenant. Alors \u00ab l\u2019autre rive \u00bb serait celle du monde d\u2019apr\u00e8s CoVid.<\/strong><\/p>\n\n\n\n<p class=\"wp-block-paragraph\"><strong>> Passons sur cette autre rive-l\u00e0, voulez-vous ? Et tr\u00e8s bel \u00e9t\u00e9 \u00e0 Chacune et Chacun !<\/strong><\/p>\n","protected":false},"excerpt":{"rendered":"<p>\u00ab Le soir venu, J\u00e9sus dit \u00e0 ses disciples : \u2018Passons sur l\u2019autre rive.\u2019 \u00bb Marc 4,35 > Au seuil de l\u2019\u00e9t\u00e9, nous sommes nombreux \u00e0 passer sur une autre rive, celle des vacances, celle de la mer ou, du moins, des paysages diff\u00e9rents de ceux de notre quotidien. > Mais si la pand\u00e9mie que nous subissons nous donnait l\u2019occasion de v\u00e9ritablement envisager la vie d\u2019un autre c\u00f4t\u00e9 ? De profiter enfin du temps que nous avons pour dire aux autres qu\u2019on les aime, par exemple. De faire enfin ce que l\u2019on reporte depuis tant de temps et qu\u2019il s\u2019agit de vivre aujourd\u2019hui et maintenant. Alors \u00ab l\u2019autre rive \u00bb \u2026 <a class=\"continue-reading-link\" href=\"https:\/\/levangilealecran.com\/?p=2324\"> Continue reading <span class=\"meta-nav\">&rarr; <\/span><\/a><\/p>\n","protected":false},"author":2006,"featured_media":0,"comment_status":"open","ping_status":"open","sticky":false,"template":"","format":"standard","meta":{"footnotes":""},"categories":[4,7],"tags":[16,843,841,842,115],"class_list":["post-2324","post","type-post","status-publish","format-standard","hentry","category-dimanche","category-marc","tag-amour","tag-mer","tag-pandemie","tag-rive","tag-vivre"],"_links":{"self":[{"href":"https:\/\/levangilealecran.com\/index.php?rest_route=\/wp\/v2\/posts\/2324","targetHints":{"allow":["GET"]}}],"collection":[{"href":"https:\/\/levangilealecran.com\/index.php?rest_route=\/wp\/v2\/posts"}],"about":[{"href":"https:\/\/levangilealecran.com\/index.php?rest_route=\/wp\/v2\/types\/post"}],"author":[{"embeddable":true,"href":"https:\/\/levangilealecran.com\/index.php?rest_route=\/wp\/v2\/users\/2006"}],"replies":[{"embeddable":true,"href":"https:\/\/levangilealecran.com\/index.php?rest_route=%2Fwp%2Fv2%2Fcomments&post=2324"}],"version-history":[{"count":1,"href":"https:\/\/levangilealecran.com\/index.php?rest_route=\/wp\/v2\/posts\/2324\/revisions"}],"predecessor-version":[{"id":2326,"href":"https:\/\/levangilealecran.com\/index.php?rest_route=\/wp\/v2\/posts\/2324\/revisions\/2326"}],"wp:attachment":[{"href":"https:\/\/levangilealecran.com\/index.php?rest_route=%2Fwp%2Fv2%2Fmedia&parent=2324"}],"wp:term":[{"taxonomy":"category","embeddable":true,"href":"https:\/\/levangilealecran.com\/index.php?rest_route=%2Fwp%2Fv2%2Fcategories&post=2324"},{"taxonomy":"post_tag","embeddable":true,"href":"https:\/\/levangilealecran.com\/index.php?rest_route=%2Fwp%2Fv2%2Ftags&post=2324"}],"curies":[{"name":"wp","href":"https:\/\/api.w.org\/{rel}","templated":true}]}}