{"id":2309,"date":"2021-05-28T08:00:00","date_gmt":"2021-05-28T06:00:00","guid":{"rendered":"https:\/\/levangilealecran.com\/?p=2309"},"modified":"2021-05-27T15:53:54","modified_gmt":"2021-05-27T13:53:54","slug":"dimanche-de-la-trinite-b-30-mai-2021","status":"publish","type":"post","link":"https:\/\/levangilealecran.com\/?p=2309","title":{"rendered":"Dimanche de la Trinit\u00e9 &#8211; B &#8211; 30 mai 2021"},"content":{"rendered":"\n<blockquote class=\"wp-block-quote is-layout-flow wp-block-quote-is-layout-flow\"><p>\u00ab\u00a0Allez ! De toutes les nations faites des disciples : Baptisez-les au nom du P\u00e8re, et du Fils, et du Saint-Esprit\u00a0!\u00a0\u00bb.<\/p><cite>Matthieu 28, 19<\/cite><\/blockquote>\n\n\n\n<figure class=\"wp-block-image size-full is-resized is-style-default\"><a href=\"https:\/\/levangilealecran.com\/wp-content\/uploads\/2021\/05\/20210530_Mt2819.png\"><img loading=\"lazy\" decoding=\"async\" src=\"https:\/\/levangilealecran.com\/wp-content\/uploads\/2021\/05\/20210530_Mt2819.png\" alt=\"\" class=\"wp-image-2310\" width=\"512\" height=\"512\" srcset=\"https:\/\/levangilealecran.com\/wp-content\/uploads\/2021\/05\/20210530_Mt2819.png 1200w, https:\/\/levangilealecran.com\/wp-content\/uploads\/2021\/05\/20210530_Mt2819-300x300.png 300w, https:\/\/levangilealecran.com\/wp-content\/uploads\/2021\/05\/20210530_Mt2819-1024x1024.png 1024w, https:\/\/levangilealecran.com\/wp-content\/uploads\/2021\/05\/20210530_Mt2819-150x150.png 150w, https:\/\/levangilealecran.com\/wp-content\/uploads\/2021\/05\/20210530_Mt2819-768x768.png 768w, https:\/\/levangilealecran.com\/wp-content\/uploads\/2021\/05\/20210530_Mt2819-600x600.png 600w\" sizes=\"auto, (max-width: 512px) 100vw, 512px\" \/><\/a><\/figure>\n\n\n\n<p class=\"wp-block-paragraph\">Voici donc l\u2019origine biblique de cette exhortation que l\u2019on conna\u00eet bien et \u00e0 laquelle nous r\u00e9pondons volontiers \u00ab\u00a0Amen\u00a0!\u00a0\u00bb. Ce verset cl\u00f4ture l\u2019\u00c9vangile de Matthieu, c\u2019est l\u2019avant-dernier verset. J\u00e9sus ressuscit\u00e9 retrouve ses onze disciples sur la montagne et les envoie dans le monde\u00a0! Le chapitre termine sur une ouverture au monde, ce n\u2019est pas la fin. J\u00e9sus demande d\u2019aller baptiser, de faire des disciples. C\u2019est \u00e9galement ce qui nous est demand\u00e9 \u00e0 chaque fin de c\u00e9l\u00e9bration lorsque nous recevons la b\u00e9n\u00e9diction au nom du P\u00e8re, du Fils et du Saint-Esprit. Et \u00e7a marche\u00a0! C\u2019est gr\u00e2ce au t\u00e9moignage transmis depuis des g\u00e9n\u00e9rations que nous sommes aujourd\u2019hui touch\u00e9 par la gr\u00e2ce du bapt\u00eame. Cette semaine n\u2019h\u00e9sitons pas \u00e0 parler de Lui\u00a0et du lien qu\u2019il d\u00e9sire cr\u00e9e avec nous\u00a0!<br><br>En effet, par la trinit\u00e9, Dieu est intrins\u00e8quement relationnel, il nous cherche depuis l\u2019aube de notre temps. \u00ab<em>\u00a0Adam, o\u00f9 es-tu\u00a0?<\/em>\u00a0\u00bb. C\u2019est \u00e7a la bonne nouvelle que nous sommes appel\u00e9s \u00e0 proclamer\u00a0: le Seigneur \u00e9ternel tout-puissant, cr\u00e9ateur du ciel et de la terre nous rejoint dans notre humanit\u00e9. Dieu parmi nous, Emmanuel\u00a0! Il est 100% homme mais aussi 100% Dieu. Ce n\u2019est pas explicable math\u00e9matiquement. Par sa r\u00e9surrection il a an\u00e9anti la mort et nous donne son Esprit de consolation, de connaissance et de sagesse pour \u00eatre \u00ab\u00a0<em>avec nous\u00a0tous les jours et jusqu\u2019\u00e0 la fin des temps<\/em>\u00a0\u00bb comme le pr\u00e9cise avec espoir le dernier verset du chapitre de Matthieu.<br><br>Ce beau myst\u00e8re d\u2019un Dieu unique en trois personne est f\u00eat\u00e9 ce dimanche de la Sainte Trinit\u00e9. Soyez trois fois b\u00e9nis. Bon dimanche.<\/p>\n","protected":false},"excerpt":{"rendered":"<p>\u00ab\u00a0Allez ! De toutes les nations faites des disciples : Baptisez-les au nom du P\u00e8re, et du Fils, et du Saint-Esprit\u00a0!\u00a0\u00bb. Matthieu 28, 19 Voici donc l\u2019origine biblique de cette exhortation que l\u2019on conna\u00eet bien et \u00e0 laquelle nous r\u00e9pondons volontiers \u00ab\u00a0Amen\u00a0!\u00a0\u00bb. Ce verset cl\u00f4ture l\u2019\u00c9vangile de Matthieu, c\u2019est l\u2019avant-dernier verset. J\u00e9sus ressuscit\u00e9 retrouve ses onze disciples sur la montagne et les envoie dans le monde\u00a0! Le chapitre termine sur une ouverture au monde, ce n\u2019est pas la fin. J\u00e9sus demande d\u2019aller baptiser, de faire des disciples. C\u2019est \u00e9galement ce qui nous est demand\u00e9 \u00e0 chaque fin de c\u00e9l\u00e9bration lorsque nous recevons la b\u00e9n\u00e9diction au nom du P\u00e8re, du Fils \u2026 <a class=\"continue-reading-link\" href=\"https:\/\/levangilealecran.com\/?p=2309\"> Continue reading <span class=\"meta-nav\">&rarr; <\/span><\/a><\/p>\n","protected":false},"author":2005,"featured_media":0,"comment_status":"open","ping_status":"open","sticky":false,"template":"","format":"standard","meta":{"footnotes":""},"categories":[4,24,8],"tags":[271,238,88],"class_list":["post-2309","post","type-post","status-publish","format-standard","hentry","category-dimanche","category-fetes","category-matthieu","tag-relation","tag-temoignage","tag-trinite"],"_links":{"self":[{"href":"https:\/\/levangilealecran.com\/index.php?rest_route=\/wp\/v2\/posts\/2309","targetHints":{"allow":["GET"]}}],"collection":[{"href":"https:\/\/levangilealecran.com\/index.php?rest_route=\/wp\/v2\/posts"}],"about":[{"href":"https:\/\/levangilealecran.com\/index.php?rest_route=\/wp\/v2\/types\/post"}],"author":[{"embeddable":true,"href":"https:\/\/levangilealecran.com\/index.php?rest_route=\/wp\/v2\/users\/2005"}],"replies":[{"embeddable":true,"href":"https:\/\/levangilealecran.com\/index.php?rest_route=%2Fwp%2Fv2%2Fcomments&post=2309"}],"version-history":[{"count":1,"href":"https:\/\/levangilealecran.com\/index.php?rest_route=\/wp\/v2\/posts\/2309\/revisions"}],"predecessor-version":[{"id":2311,"href":"https:\/\/levangilealecran.com\/index.php?rest_route=\/wp\/v2\/posts\/2309\/revisions\/2311"}],"wp:attachment":[{"href":"https:\/\/levangilealecran.com\/index.php?rest_route=%2Fwp%2Fv2%2Fmedia&parent=2309"}],"wp:term":[{"taxonomy":"category","embeddable":true,"href":"https:\/\/levangilealecran.com\/index.php?rest_route=%2Fwp%2Fv2%2Fcategories&post=2309"},{"taxonomy":"post_tag","embeddable":true,"href":"https:\/\/levangilealecran.com\/index.php?rest_route=%2Fwp%2Fv2%2Ftags&post=2309"}],"curies":[{"name":"wp","href":"https:\/\/api.w.org\/{rel}","templated":true}]}}