{"id":2302,"date":"2021-05-21T08:00:00","date_gmt":"2021-05-21T06:00:00","guid":{"rendered":"https:\/\/levangilealecran.com\/?p=2302"},"modified":"2021-05-20T20:23:53","modified_gmt":"2021-05-20T18:23:53","slug":"dimanche-de-pentecote-23-mai-2021-b","status":"publish","type":"post","link":"https:\/\/levangilealecran.com\/?p=2302","title":{"rendered":"Dimanche de Pentec\u00f4te &#8211; 23 mai 2021 &#8211; B"},"content":{"rendered":"\n<blockquote class=\"wp-block-quote is-layout-flow wp-block-quote-is-layout-flow\"><p>\u00ab\u00a0J&rsquo;ai encore beaucoup \u00e0 vous dire, mais vous ne pouvez pas le porter maintenant&#8230;Quand l&rsquo;Esprit viendra, il vous conduira dans toute la v\u00e9rit\u00e9.\u00a0\u00bb <\/p><cite>(Jean 16.12-13)<\/cite><\/blockquote>\n\n\n\n<figure class=\"wp-block-image size-large\"><a href=\"https:\/\/levangilealecran.com\/wp-content\/uploads\/2021\/05\/pexels-cottonbro-4714956-3-scaled.jpg\"><img loading=\"lazy\" decoding=\"async\" width=\"683\" height=\"1024\" src=\"https:\/\/levangilealecran.com\/wp-content\/uploads\/2021\/05\/pexels-cottonbro-4714956-3-683x1024.jpg\" alt=\"\" class=\"wp-image-2306\" srcset=\"https:\/\/levangilealecran.com\/wp-content\/uploads\/2021\/05\/pexels-cottonbro-4714956-3-683x1024.jpg 683w, https:\/\/levangilealecran.com\/wp-content\/uploads\/2021\/05\/pexels-cottonbro-4714956-3-200x300.jpg 200w, https:\/\/levangilealecran.com\/wp-content\/uploads\/2021\/05\/pexels-cottonbro-4714956-3-768x1152.jpg 768w, https:\/\/levangilealecran.com\/wp-content\/uploads\/2021\/05\/pexels-cottonbro-4714956-3-600x900.jpg 600w, https:\/\/levangilealecran.com\/wp-content\/uploads\/2021\/05\/pexels-cottonbro-4714956-3-1024x1536.jpg 1024w, https:\/\/levangilealecran.com\/wp-content\/uploads\/2021\/05\/pexels-cottonbro-4714956-3-1365x2048.jpg 1365w, https:\/\/levangilealecran.com\/wp-content\/uploads\/2021\/05\/pexels-cottonbro-4714956-3-100x150.jpg 100w, https:\/\/levangilealecran.com\/wp-content\/uploads\/2021\/05\/pexels-cottonbro-4714956-3-1320x1980.jpg 1320w, https:\/\/levangilealecran.com\/wp-content\/uploads\/2021\/05\/pexels-cottonbro-4714956-3-scaled.jpg 1707w\" sizes=\"auto, (max-width: 683px) 100vw, 683px\" \/><\/a><\/figure>\n\n\n\n<p class=\"wp-block-paragraph\"><strong>> J&rsquo;aime comme J\u00e9sus, dans ce long adieu, laisse le temps au temps&#8230; et m\u00e9nage ses disciples en les pr\u00e9parant \u00e0 son d\u00e9part! Toute v\u00e9rit\u00e9 n&rsquo;est pas bonne \u00e0 entendre et surtout on ne peut pas \u00eatre boulimique de la v\u00e9rit\u00e9, ce serait trop lourd \u00e0 porter. C&rsquo;est pourquoi J\u00e9sus promet \u00e0 ses disciples cet Esprit, ce Consolateur pour \u00eatre conduits progressivement dans le discernement.<\/strong><\/p>\n\n\n\n<p class=\"has-text-align-center wp-block-paragraph\"><strong>Cet Esprit veut nous rencontrer tout sp\u00e9cialement dans les temps de remise en question et d&rsquo;ajustement : te laisseras-tu inspirer ?<\/strong><\/p>\n\n\n\n<p class=\"has-text-align-center wp-block-paragraph\"><strong><em>\u00ab\u00a0J&rsquo;ai voulu en d\u00e9coudre, conna\u00eetre ta volont\u00e9 <\/em><\/strong><br><strong><em>Tenir un souvenir<\/em><\/strong><br><strong><em>Comprendre tout de toi, t&rsquo;attraper, te saisir <\/em><\/strong><br><strong><em>Mais l&rsquo;Esprit m&rsquo;a souffl\u00e9 :<\/em><\/strong><br><strong><em>La v\u00e9rit\u00e9 jamais ne tient dans un souvenir<\/em><\/strong><br><strong><em>Elle vibre de redire chaque jour qu&rsquo;il est vivant<\/em><\/strong><br><strong><em>Tu ne saisiras rien<\/em><\/strong><br><strong><em>Ce qui est saisissant, c&rsquo;est la m\u00e9moire du vent.\u00a0\u00bb<\/em><\/strong><br><strong><em>(M. Muller-Colard)<\/em><\/strong><\/p>\n","protected":false},"excerpt":{"rendered":"<p>\u00ab\u00a0J&rsquo;ai encore beaucoup \u00e0 vous dire, mais vous ne pouvez pas le porter maintenant&#8230;Quand l&rsquo;Esprit viendra, il vous conduira dans toute la v\u00e9rit\u00e9.\u00a0\u00bb (Jean 16.12-13) > J&rsquo;aime comme J\u00e9sus, dans ce long adieu, laisse le temps au temps&#8230; et m\u00e9nage ses disciples en les pr\u00e9parant \u00e0 son d\u00e9part! Toute v\u00e9rit\u00e9 n&rsquo;est pas bonne \u00e0 entendre et surtout on ne peut pas \u00eatre boulimique de la v\u00e9rit\u00e9, ce serait trop lourd \u00e0 porter. C&rsquo;est pourquoi J\u00e9sus promet \u00e0 ses disciples cet Esprit, ce Consolateur pour \u00eatre conduits progressivement dans le discernement. Cet Esprit veut nous rencontrer tout sp\u00e9cialement dans les temps de remise en question et d&rsquo;ajustement : te laisseras-tu inspirer \u2026 <a class=\"continue-reading-link\" href=\"https:\/\/levangilealecran.com\/?p=2302\"> Continue reading <span class=\"meta-nav\">&rarr; <\/span><\/a><\/p>\n","protected":false},"author":2006,"featured_media":0,"comment_status":"open","ping_status":"open","sticky":false,"template":"","format":"standard","meta":{"footnotes":""},"categories":[4,24,5],"tags":[767,220,87,12],"class_list":["post-2302","post","type-post","status-publish","format-standard","hentry","category-dimanche","category-fetes","category-jean","tag-consolateur","tag-esprit","tag-pentecote","tag-verite"],"_links":{"self":[{"href":"https:\/\/levangilealecran.com\/index.php?rest_route=\/wp\/v2\/posts\/2302","targetHints":{"allow":["GET"]}}],"collection":[{"href":"https:\/\/levangilealecran.com\/index.php?rest_route=\/wp\/v2\/posts"}],"about":[{"href":"https:\/\/levangilealecran.com\/index.php?rest_route=\/wp\/v2\/types\/post"}],"author":[{"embeddable":true,"href":"https:\/\/levangilealecran.com\/index.php?rest_route=\/wp\/v2\/users\/2006"}],"replies":[{"embeddable":true,"href":"https:\/\/levangilealecran.com\/index.php?rest_route=%2Fwp%2Fv2%2Fcomments&post=2302"}],"version-history":[{"count":1,"href":"https:\/\/levangilealecran.com\/index.php?rest_route=\/wp\/v2\/posts\/2302\/revisions"}],"predecessor-version":[{"id":2307,"href":"https:\/\/levangilealecran.com\/index.php?rest_route=\/wp\/v2\/posts\/2302\/revisions\/2307"}],"wp:attachment":[{"href":"https:\/\/levangilealecran.com\/index.php?rest_route=%2Fwp%2Fv2%2Fmedia&parent=2302"}],"wp:term":[{"taxonomy":"category","embeddable":true,"href":"https:\/\/levangilealecran.com\/index.php?rest_route=%2Fwp%2Fv2%2Fcategories&post=2302"},{"taxonomy":"post_tag","embeddable":true,"href":"https:\/\/levangilealecran.com\/index.php?rest_route=%2Fwp%2Fv2%2Ftags&post=2302"}],"curies":[{"name":"wp","href":"https:\/\/api.w.org\/{rel}","templated":true}]}}