{"id":2298,"date":"2021-05-14T08:00:00","date_gmt":"2021-05-14T06:00:00","guid":{"rendered":"https:\/\/levangilealecran.com\/?p=2298"},"modified":"2021-05-12T15:56:43","modified_gmt":"2021-05-12T13:56:43","slug":"7e-dimanche-de-paques-b-16-mai-2021","status":"publish","type":"post","link":"https:\/\/levangilealecran.com\/?p=2298","title":{"rendered":"7e dimanche de P\u00e2ques \u2013 B \u2013 16 mai 2021"},"content":{"rendered":"\n<blockquote class=\"wp-block-quote is-layout-flow wp-block-quote-is-layout-flow\"><p>\u00ab P\u00e8re saint, garde mes disciples unis dans ton nom, le nom que tu m\u2019as donn\u00e9, pour qu\u2019ils soient un, comme nous-m\u00eames. \u00bb<\/p><cite>Jn 17,11b<\/cite><\/blockquote>\n\n\n\n<figure class=\"wp-block-image size-full\"><a href=\"https:\/\/levangilealecran.com\/wp-content\/uploads\/2021\/05\/EALE-16-mai-2021-Jn-17-11b.jpg\"><img loading=\"lazy\" decoding=\"async\" width=\"953\" height=\"599\" src=\"https:\/\/levangilealecran.com\/wp-content\/uploads\/2021\/05\/EALE-16-mai-2021-Jn-17-11b.jpg\" alt=\"\" class=\"wp-image-2299\" srcset=\"https:\/\/levangilealecran.com\/wp-content\/uploads\/2021\/05\/EALE-16-mai-2021-Jn-17-11b.jpg 953w, https:\/\/levangilealecran.com\/wp-content\/uploads\/2021\/05\/EALE-16-mai-2021-Jn-17-11b-300x189.jpg 300w, https:\/\/levangilealecran.com\/wp-content\/uploads\/2021\/05\/EALE-16-mai-2021-Jn-17-11b-768x483.jpg 768w, https:\/\/levangilealecran.com\/wp-content\/uploads\/2021\/05\/EALE-16-mai-2021-Jn-17-11b-600x377.jpg 600w, https:\/\/levangilealecran.com\/wp-content\/uploads\/2021\/05\/EALE-16-mai-2021-Jn-17-11b-150x94.jpg 150w, https:\/\/levangilealecran.com\/wp-content\/uploads\/2021\/05\/EALE-16-mai-2021-Jn-17-11b-239x150.jpg 239w\" sizes=\"auto, (max-width: 953px) 100vw, 953px\" \/><\/a><\/figure>\n\n\n\n<p class=\"wp-block-paragraph\"><strong>> Un des souhaits de J\u00e9sus est que le P\u00e8re nous garde unis en un m\u00eame nom. \u00ab Ton nom \u00bb dit J\u00e9sus. S\u2019agit-il alors du mot \u00ab P\u00e8re \u00bb ? Non puisqu\u2019il reprend : \u00ab Le nom que tu m\u2019as donn\u00e9. \u00bb Le seul nom que le P\u00e8re et le Fils ont en commun est Dieu. Et l\u2019Amour puisque Dieu est Amour.<\/strong><br><strong>> Il s\u2019agit donc, pour nous, d\u2019\u00eatre unis dans l\u2019Amour, dans la charit\u00e9 mutuelle. Unis comme le P\u00e8re et le Fils par l\u2019Esprit, ce souffle d\u2019Amour.<\/strong><br><strong>> Quelles que soient nos divisions, l\u2019Amour souffle par-dessus, si nous le voulons bien. Et d\u2019abord l\u2019Amour de l\u2019autre dans notre pri\u00e8re. Soyons donc, comme Chr\u00e9tiens, des disciples de l\u2019Amour entre nous et envers les autres. Cela commence par prier les uns pour les autres. On s\u2019y remet ?<\/strong><\/p>\n","protected":false},"excerpt":{"rendered":"<p>\u00ab P\u00e8re saint, garde mes disciples unis dans ton nom, le nom que tu m\u2019as donn\u00e9, pour qu\u2019ils soient un, comme nous-m\u00eames. \u00bb Jn 17,11b > Un des souhaits de J\u00e9sus est que le P\u00e8re nous garde unis en un m\u00eame nom. \u00ab Ton nom \u00bb dit J\u00e9sus. S\u2019agit-il alors du mot \u00ab P\u00e8re \u00bb ? Non puisqu\u2019il reprend : \u00ab Le nom que tu m\u2019as donn\u00e9. \u00bb Le seul nom que le P\u00e8re et le Fils ont en commun est Dieu. Et l\u2019Amour puisque Dieu est Amour.> Il s\u2019agit donc, pour nous, d\u2019\u00eatre unis dans l\u2019Amour, dans la charit\u00e9 mutuelle. Unis comme le P\u00e8re et le Fils par l\u2019Esprit, \u2026 <a class=\"continue-reading-link\" href=\"https:\/\/levangilealecran.com\/?p=2298\"> Continue reading <span class=\"meta-nav\">&rarr; <\/span><\/a><\/p>\n","protected":false},"author":2005,"featured_media":0,"comment_status":"open","ping_status":"open","sticky":false,"template":"","format":"standard","meta":{"footnotes":""},"categories":[4,5,74],"tags":[31,32],"class_list":["post-2298","post","type-post","status-publish","format-standard","hentry","category-dimanche","category-jean","category-temps-pascal","tag-priere","tag-unite"],"_links":{"self":[{"href":"https:\/\/levangilealecran.com\/index.php?rest_route=\/wp\/v2\/posts\/2298","targetHints":{"allow":["GET"]}}],"collection":[{"href":"https:\/\/levangilealecran.com\/index.php?rest_route=\/wp\/v2\/posts"}],"about":[{"href":"https:\/\/levangilealecran.com\/index.php?rest_route=\/wp\/v2\/types\/post"}],"author":[{"embeddable":true,"href":"https:\/\/levangilealecran.com\/index.php?rest_route=\/wp\/v2\/users\/2005"}],"replies":[{"embeddable":true,"href":"https:\/\/levangilealecran.com\/index.php?rest_route=%2Fwp%2Fv2%2Fcomments&post=2298"}],"version-history":[{"count":1,"href":"https:\/\/levangilealecran.com\/index.php?rest_route=\/wp\/v2\/posts\/2298\/revisions"}],"predecessor-version":[{"id":2300,"href":"https:\/\/levangilealecran.com\/index.php?rest_route=\/wp\/v2\/posts\/2298\/revisions\/2300"}],"wp:attachment":[{"href":"https:\/\/levangilealecran.com\/index.php?rest_route=%2Fwp%2Fv2%2Fmedia&parent=2298"}],"wp:term":[{"taxonomy":"category","embeddable":true,"href":"https:\/\/levangilealecran.com\/index.php?rest_route=%2Fwp%2Fv2%2Fcategories&post=2298"},{"taxonomy":"post_tag","embeddable":true,"href":"https:\/\/levangilealecran.com\/index.php?rest_route=%2Fwp%2Fv2%2Ftags&post=2298"}],"curies":[{"name":"wp","href":"https:\/\/api.w.org\/{rel}","templated":true}]}}