{"id":2293,"date":"2021-05-07T08:00:00","date_gmt":"2021-05-07T06:00:00","guid":{"rendered":"https:\/\/levangilealecran.com\/?p=2293"},"modified":"2021-05-07T10:51:23","modified_gmt":"2021-05-07T08:51:23","slug":"6e-dimanche-de-paques-b-9-mai-2021","status":"publish","type":"post","link":"https:\/\/levangilealecran.com\/?p=2293","title":{"rendered":"6e dimanche de P\u00e2ques &#8211; B &#8211; 9 mai 2021"},"content":{"rendered":"\n<blockquote class=\"wp-block-quote is-layout-flow wp-block-quote-is-layout-flow\"><p><em>\u00ab&nbsp;Je vous ai \u00e9tablis afin que vous alliez et que vous portiez du fruit\u2026&nbsp;\u00bb&nbsp;<\/em><\/p><cite>(Jean 15, 16)<\/cite><\/blockquote>\n\n\n\n<figure class=\"wp-block-image size-large\"><a href=\"https:\/\/levangilealecran.com\/wp-content\/uploads\/2021\/05\/grapes-690230.jpg\"><img loading=\"lazy\" decoding=\"async\" width=\"1024\" height=\"302\" src=\"https:\/\/levangilealecran.com\/wp-content\/uploads\/2021\/05\/grapes-690230-1024x302.jpg\" alt=\"\" class=\"wp-image-2294\" srcset=\"https:\/\/levangilealecran.com\/wp-content\/uploads\/2021\/05\/grapes-690230-1024x302.jpg 1024w, https:\/\/levangilealecran.com\/wp-content\/uploads\/2021\/05\/grapes-690230-300x89.jpg 300w, https:\/\/levangilealecran.com\/wp-content\/uploads\/2021\/05\/grapes-690230-768x227.jpg 768w, https:\/\/levangilealecran.com\/wp-content\/uploads\/2021\/05\/grapes-690230-600x177.jpg 600w, https:\/\/levangilealecran.com\/wp-content\/uploads\/2021\/05\/grapes-690230-1536x453.jpg 1536w, https:\/\/levangilealecran.com\/wp-content\/uploads\/2021\/05\/grapes-690230-2048x604.jpg 2048w, https:\/\/levangilealecran.com\/wp-content\/uploads\/2021\/05\/grapes-690230-150x44.jpg 150w, https:\/\/levangilealecran.com\/wp-content\/uploads\/2021\/05\/grapes-690230-250x74.jpg 250w, https:\/\/levangilealecran.com\/wp-content\/uploads\/2021\/05\/grapes-690230-1320x389.jpg 1320w\" sizes=\"auto, (max-width: 1024px) 100vw, 1024px\" \/><\/a><\/figure>\n\n\n\n<p class=\"wp-block-paragraph\"><strong><u>Qu\u2019est-ce \u00e0 dire&nbsp;?<\/u><\/strong><\/p>\n\n\n\n<p class=\"wp-block-paragraph\"><strong>> Encore une parole de J\u00e9sus qui bouleverse les codes et les conventions. Il commence par dire qu\u2019Il nous a \u00e9tablis. Ce verbe a plusieurs acceptions qui sont bas\u00e9es sur deux axes. Le premier axe s\u2019appuie sur l&rsquo;id\u00e9e de mettre solidement en place. Le second se pose sur l&rsquo;id\u00e9e d&rsquo;aboutir \u00e0 une construction, \u00e0 une \u0153uvre, \u00e0 un r\u00e9sultat. J\u00e9sus a l\u2019intention de nous faire sortir de la situation qui est habituellement la n\u00f4tre.\u00a0<\/strong><\/p>\n\n\n\n<p class=\"wp-block-paragraph\"><strong>Dans sa lettre aux Eph\u00e9siens, Paul d\u00e9crit cette situation en ces termes :&nbsp;<em>afin que nous ne soyons plus des enfants, flottants et emport\u00e9s \u00e0 tout vent de doctrine<\/em>. (Eph. 4, 14). J\u00e9sus d\u00e9sire que, chacun individuellement, nous soyons enracin\u00e9s en Lui. Mais, sa vision est bien plus vaste, Il a un projet de construction. Son nom est l\u2019Eglise. Paul le rappelle aux Eph\u00e9siens&nbsp;:&nbsp;<em>En lui vous \u00eates aussi \u00e9difi\u00e9s pour \u00eatre une habitation de Dieu en Esprit<\/em>&nbsp;(Eph. 2, 22).&nbsp;<\/strong><\/p>\n\n\n\n<p class=\"wp-block-paragraph\"><strong>Puis, J\u00e9sus ajoute qu\u2019Il veut que nous allions. N\u2019est-ce pas antinomique&nbsp;: \u00eatre \u00e9tabli et aller&nbsp;? Pour nos esprits limit\u00e9s cela ne fait pas de doute, mais pour le Tout-Puissant, certainement pas. Le myst\u00e8re ne s\u2019arr\u00eate pas l\u00e0, car voici que J\u00e9sus souhaite que nous portions du fruit. L\u2019\u00e9quation ne se r\u00e9sout que si nous envisageons de consid\u00e9rer l\u2019Eglise comme un corps vivant, alors elle peut marcher. C\u2019est uniquement si ce corps vivant est attach\u00e9 au cep qu\u2019il portera du fruit. Ne nous laissons pas bercer par des mots cent fois entendus et si rarement compris. Quittons nos orni\u00e8res pour suivre le Christ hors des sentiers battus.<\/strong><\/p>\n","protected":false},"excerpt":{"rendered":"<p>\u00ab&nbsp;Je vous ai \u00e9tablis afin que vous alliez et que vous portiez du fruit\u2026&nbsp;\u00bb&nbsp; (Jean 15, 16) Qu\u2019est-ce \u00e0 dire&nbsp;? > Encore une parole de J\u00e9sus qui bouleverse les codes et les conventions. Il commence par dire qu\u2019Il nous a \u00e9tablis. Ce verbe a plusieurs acceptions qui sont bas\u00e9es sur deux axes. Le premier axe s\u2019appuie sur l&rsquo;id\u00e9e de mettre solidement en place. Le second se pose sur l&rsquo;id\u00e9e d&rsquo;aboutir \u00e0 une construction, \u00e0 une \u0153uvre, \u00e0 un r\u00e9sultat. J\u00e9sus a l\u2019intention de nous faire sortir de la situation qui est habituellement la n\u00f4tre.\u00a0 Dans sa lettre aux Eph\u00e9siens, Paul d\u00e9crit cette situation en ces termes :&nbsp;afin que nous ne \u2026 <a class=\"continue-reading-link\" href=\"https:\/\/levangilealecran.com\/?p=2293\"> Continue reading <span class=\"meta-nav\">&rarr; <\/span><\/a><\/p>\n","protected":false},"author":2006,"featured_media":0,"comment_status":"open","ping_status":"open","sticky":false,"template":"","format":"standard","meta":{"footnotes":""},"categories":[4,5,74],"tags":[53,836,837,835,232,523],"class_list":["post-2293","post","type-post","status-publish","format-standard","hentry","category-dimanche","category-jean","category-temps-pascal","tag-christ","tag-construction","tag-enracinement","tag-etabli","tag-suivre","tag-vivant"],"_links":{"self":[{"href":"https:\/\/levangilealecran.com\/index.php?rest_route=\/wp\/v2\/posts\/2293","targetHints":{"allow":["GET"]}}],"collection":[{"href":"https:\/\/levangilealecran.com\/index.php?rest_route=\/wp\/v2\/posts"}],"about":[{"href":"https:\/\/levangilealecran.com\/index.php?rest_route=\/wp\/v2\/types\/post"}],"author":[{"embeddable":true,"href":"https:\/\/levangilealecran.com\/index.php?rest_route=\/wp\/v2\/users\/2006"}],"replies":[{"embeddable":true,"href":"https:\/\/levangilealecran.com\/index.php?rest_route=%2Fwp%2Fv2%2Fcomments&post=2293"}],"version-history":[{"count":2,"href":"https:\/\/levangilealecran.com\/index.php?rest_route=\/wp\/v2\/posts\/2293\/revisions"}],"predecessor-version":[{"id":2296,"href":"https:\/\/levangilealecran.com\/index.php?rest_route=\/wp\/v2\/posts\/2293\/revisions\/2296"}],"wp:attachment":[{"href":"https:\/\/levangilealecran.com\/index.php?rest_route=%2Fwp%2Fv2%2Fmedia&parent=2293"}],"wp:term":[{"taxonomy":"category","embeddable":true,"href":"https:\/\/levangilealecran.com\/index.php?rest_route=%2Fwp%2Fv2%2Fcategories&post=2293"},{"taxonomy":"post_tag","embeddable":true,"href":"https:\/\/levangilealecran.com\/index.php?rest_route=%2Fwp%2Fv2%2Ftags&post=2293"}],"curies":[{"name":"wp","href":"https:\/\/api.w.org\/{rel}","templated":true}]}}