{"id":2276,"date":"2021-04-16T08:00:00","date_gmt":"2021-04-16T06:00:00","guid":{"rendered":"https:\/\/levangilealecran.com\/?p=2276"},"modified":"2021-04-16T08:04:45","modified_gmt":"2021-04-16T06:04:45","slug":"3e-dimanche-de-paques-b-18-avril-2021","status":"publish","type":"post","link":"https:\/\/levangilealecran.com\/?p=2276","title":{"rendered":"3e dimanche de P\u00e2ques \u2013 B \u2013 18 avril 2021"},"content":{"rendered":"\n<figure class=\"wp-block-pullquote\"><blockquote><p>Comme ils en parlaient encore, lui-m\u00eame fut pr\u00e9sent au milieu d\u2019eux, et leur dit : \u00ab La paix soit avec vous ! \u00bb<\/p><cite>(Luc 24, 36)<\/cite><\/blockquote><\/figure>\n\n\n\n<figure class=\"wp-block-image size-full is-resized is-style-default\"><a href=\"https:\/\/levangilealecran.com\/wp-content\/uploads\/2021\/04\/20210418_Lc2436.png\"><img loading=\"lazy\" decoding=\"async\" src=\"https:\/\/levangilealecran.com\/wp-content\/uploads\/2021\/04\/20210418_Lc2436.png\" alt=\"\" class=\"wp-image-2277\" width=\"600\" height=\"600\" srcset=\"https:\/\/levangilealecran.com\/wp-content\/uploads\/2021\/04\/20210418_Lc2436.png 1200w, https:\/\/levangilealecran.com\/wp-content\/uploads\/2021\/04\/20210418_Lc2436-300x300.png 300w, https:\/\/levangilealecran.com\/wp-content\/uploads\/2021\/04\/20210418_Lc2436-1024x1024.png 1024w, https:\/\/levangilealecran.com\/wp-content\/uploads\/2021\/04\/20210418_Lc2436-150x150.png 150w, https:\/\/levangilealecran.com\/wp-content\/uploads\/2021\/04\/20210418_Lc2436-768x768.png 768w, https:\/\/levangilealecran.com\/wp-content\/uploads\/2021\/04\/20210418_Lc2436-600x600.png 600w\" sizes=\"auto, (max-width: 600px) 100vw, 600px\" \/><\/a><\/figure>\n\n\n\n<p class=\"wp-block-paragraph\"><strong>&gt; Remarquez donc ce qui se passe lorsque l\u2019on parle du Christ : alors il est pr\u00e9sent au milieu de nous ! R\u00e9ellement, pas seulement en pens\u00e9e, en th\u00e9orie ou conceptuellement ! Le texte dit \u00ab en chair et en os \u00bb, comprenons par-l\u00e0 de mani\u00e8re substantielle, palpable ; et qui apporte de surcro\u00eet la paix !<\/strong><\/p>\n\n\n\n<p class=\"wp-block-paragraph\"><strong>> Comment d\u00e8s lors ne pas avoir envie de parler de Lui, de ce que nous ressentons en Sa pr\u00e9sence ? Le texte de ce dimanche nous invite \u00e0 \u00eatre t\u00e9moin (v.48) de la r\u00e9surrection du Christ, de la vie plus forte que la mort !<br>Alors cette semaine, soyons confiants que chacun de nos t\u00e9moignages apporte la paix du Christ qui est promise \u00e0 toutes les nations ! Belle semaine, soyez b\u00e9nis !<\/strong><\/p>\n","protected":false},"excerpt":{"rendered":"<p>Comme ils en parlaient encore, lui-m\u00eame fut pr\u00e9sent au milieu d\u2019eux, et leur dit : \u00ab La paix soit avec vous ! \u00bb (Luc 24, 36) &gt; Remarquez donc ce qui se passe lorsque l\u2019on parle du Christ : alors il est pr\u00e9sent au milieu de nous ! R\u00e9ellement, pas seulement en pens\u00e9e, en th\u00e9orie ou conceptuellement ! Le texte dit \u00ab en chair et en os \u00bb, comprenons par-l\u00e0 de mani\u00e8re substantielle, palpable ; et qui apporte de surcro\u00eet la paix ! > Comment d\u00e8s lors ne pas avoir envie de parler de Lui, de ce que nous ressentons en Sa pr\u00e9sence ? Le texte de ce dimanche nous \u2026 <a class=\"continue-reading-link\" href=\"https:\/\/levangilealecran.com\/?p=2276\"> Continue reading <span class=\"meta-nav\">&rarr; <\/span><\/a><\/p>\n","protected":false},"author":2005,"featured_media":0,"comment_status":"open","ping_status":"open","sticky":false,"template":"","format":"standard","meta":{"footnotes":""},"categories":[6,73,74],"tags":[26,833,156],"class_list":["post-2276","post","type-post","status-publish","format-standard","hentry","category-luc","category-paques","category-temps-pascal","tag-confiance","tag-milieu","tag-temoins"],"_links":{"self":[{"href":"https:\/\/levangilealecran.com\/index.php?rest_route=\/wp\/v2\/posts\/2276","targetHints":{"allow":["GET"]}}],"collection":[{"href":"https:\/\/levangilealecran.com\/index.php?rest_route=\/wp\/v2\/posts"}],"about":[{"href":"https:\/\/levangilealecran.com\/index.php?rest_route=\/wp\/v2\/types\/post"}],"author":[{"embeddable":true,"href":"https:\/\/levangilealecran.com\/index.php?rest_route=\/wp\/v2\/users\/2005"}],"replies":[{"embeddable":true,"href":"https:\/\/levangilealecran.com\/index.php?rest_route=%2Fwp%2Fv2%2Fcomments&post=2276"}],"version-history":[{"count":3,"href":"https:\/\/levangilealecran.com\/index.php?rest_route=\/wp\/v2\/posts\/2276\/revisions"}],"predecessor-version":[{"id":2280,"href":"https:\/\/levangilealecran.com\/index.php?rest_route=\/wp\/v2\/posts\/2276\/revisions\/2280"}],"wp:attachment":[{"href":"https:\/\/levangilealecran.com\/index.php?rest_route=%2Fwp%2Fv2%2Fmedia&parent=2276"}],"wp:term":[{"taxonomy":"category","embeddable":true,"href":"https:\/\/levangilealecran.com\/index.php?rest_route=%2Fwp%2Fv2%2Fcategories&post=2276"},{"taxonomy":"post_tag","embeddable":true,"href":"https:\/\/levangilealecran.com\/index.php?rest_route=%2Fwp%2Fv2%2Ftags&post=2276"}],"curies":[{"name":"wp","href":"https:\/\/api.w.org\/{rel}","templated":true}]}}