{"id":2272,"date":"2021-04-09T08:00:00","date_gmt":"2021-04-09T06:00:00","guid":{"rendered":"https:\/\/levangilealecran.com\/?p=2272"},"modified":"2021-04-08T22:00:29","modified_gmt":"2021-04-08T20:00:29","slug":"2e-dimanche-de-paques-b-11-avril-2021","status":"publish","type":"post","link":"https:\/\/levangilealecran.com\/?p=2272","title":{"rendered":"2e dimanche de P\u00e2ques &#8211; B &#8211; 11 avril 2021"},"content":{"rendered":"\n<blockquote class=\"wp-block-quote is-layout-flow wp-block-quote-is-layout-flow\"><p>\u00ab\u00a0Cesse d&rsquo;\u00eatre un incroyant et deviens un homme de foi!\u00a0\u00bb<\/p><cite>Jean 20,27<\/cite><\/blockquote>\n\n\n\n<figure class=\"wp-block-image size-large\"><a href=\"https:\/\/levangilealecran.com\/wp-content\/uploads\/2021\/04\/pexels-anastasia-shuraeva-4513205-scaled.jpg\"><img loading=\"lazy\" decoding=\"async\" width=\"683\" height=\"1024\" src=\"https:\/\/levangilealecran.com\/wp-content\/uploads\/2021\/04\/pexels-anastasia-shuraeva-4513205-683x1024.jpg\" alt=\"\" class=\"wp-image-2273\" srcset=\"https:\/\/levangilealecran.com\/wp-content\/uploads\/2021\/04\/pexels-anastasia-shuraeva-4513205-683x1024.jpg 683w, https:\/\/levangilealecran.com\/wp-content\/uploads\/2021\/04\/pexels-anastasia-shuraeva-4513205-200x300.jpg 200w, https:\/\/levangilealecran.com\/wp-content\/uploads\/2021\/04\/pexels-anastasia-shuraeva-4513205-768x1152.jpg 768w, https:\/\/levangilealecran.com\/wp-content\/uploads\/2021\/04\/pexels-anastasia-shuraeva-4513205-600x900.jpg 600w, https:\/\/levangilealecran.com\/wp-content\/uploads\/2021\/04\/pexels-anastasia-shuraeva-4513205-1024x1536.jpg 1024w, https:\/\/levangilealecran.com\/wp-content\/uploads\/2021\/04\/pexels-anastasia-shuraeva-4513205-1365x2048.jpg 1365w, https:\/\/levangilealecran.com\/wp-content\/uploads\/2021\/04\/pexels-anastasia-shuraeva-4513205-100x150.jpg 100w, https:\/\/levangilealecran.com\/wp-content\/uploads\/2021\/04\/pexels-anastasia-shuraeva-4513205-1320x1980.jpg 1320w, https:\/\/levangilealecran.com\/wp-content\/uploads\/2021\/04\/pexels-anastasia-shuraeva-4513205-scaled.jpg 1707w\" sizes=\"auto, (max-width: 683px) 100vw, 683px\" \/><\/a><\/figure>\n\n\n\n<p class=\"wp-block-paragraph\"><strong>> Je la prends pour moi cette semaine cette injonction \u00e0 Thomas. Combien de fois je doute moi aussi, je touche \u00e0 mes blessures ou \u00e0 celles des autres et je m&rsquo;effraie, je chancelle!<\/strong><\/p>\n\n\n\n<p class=\"wp-block-paragraph\"><strong>Alors le Christ me rappelle que comme pour Thomas, il est sensible \u00e0 mon cheminement tortueux sur le sentier de la foi, qu&rsquo;il ne m&rsquo;en \u00e9vitera peut-\u00eatre ni les creux ni les nids-de-poule, mais qu&rsquo;au bout de ce chemin-l\u00e0, la vuln\u00e9rabilit\u00e9 sauvera le monde, elle l&rsquo;a d\u00e9j\u00e0 sauv\u00e9 ! Pour que moi aussi je puisse m&rsquo;exclamer: Mon Seigneur et mon Dieu!!<\/strong><\/p>\n","protected":false},"excerpt":{"rendered":"<p>\u00ab\u00a0Cesse d&rsquo;\u00eatre un incroyant et deviens un homme de foi!\u00a0\u00bb Jean 20,27 > Je la prends pour moi cette semaine cette injonction \u00e0 Thomas. Combien de fois je doute moi aussi, je touche \u00e0 mes blessures ou \u00e0 celles des autres et je m&rsquo;effraie, je chancelle! Alors le Christ me rappelle que comme pour Thomas, il est sensible \u00e0 mon cheminement tortueux sur le sentier de la foi, qu&rsquo;il ne m&rsquo;en \u00e9vitera peut-\u00eatre ni les creux ni les nids-de-poule, mais qu&rsquo;au bout de ce chemin-l\u00e0, la vuln\u00e9rabilit\u00e9 sauvera le monde, elle l&rsquo;a d\u00e9j\u00e0 sauv\u00e9 ! Pour que moi aussi je puisse m&rsquo;exclamer: Mon Seigneur et mon Dieu!!<\/p>\n","protected":false},"author":2006,"featured_media":0,"comment_status":"open","ping_status":"open","sticky":false,"template":"","format":"standard","meta":{"footnotes":""},"categories":[4,5,73],"tags":[830,53,26,293,76,832,831],"class_list":["post-2272","post","type-post","status-publish","format-standard","hentry","category-dimanche","category-jean","category-paques","tag-blessures","tag-christ","tag-confiance","tag-doute","tag-foi","tag-seigneur","tag-vulnerable"],"_links":{"self":[{"href":"https:\/\/levangilealecran.com\/index.php?rest_route=\/wp\/v2\/posts\/2272","targetHints":{"allow":["GET"]}}],"collection":[{"href":"https:\/\/levangilealecran.com\/index.php?rest_route=\/wp\/v2\/posts"}],"about":[{"href":"https:\/\/levangilealecran.com\/index.php?rest_route=\/wp\/v2\/types\/post"}],"author":[{"embeddable":true,"href":"https:\/\/levangilealecran.com\/index.php?rest_route=\/wp\/v2\/users\/2006"}],"replies":[{"embeddable":true,"href":"https:\/\/levangilealecran.com\/index.php?rest_route=%2Fwp%2Fv2%2Fcomments&post=2272"}],"version-history":[{"count":1,"href":"https:\/\/levangilealecran.com\/index.php?rest_route=\/wp\/v2\/posts\/2272\/revisions"}],"predecessor-version":[{"id":2274,"href":"https:\/\/levangilealecran.com\/index.php?rest_route=\/wp\/v2\/posts\/2272\/revisions\/2274"}],"wp:attachment":[{"href":"https:\/\/levangilealecran.com\/index.php?rest_route=%2Fwp%2Fv2%2Fmedia&parent=2272"}],"wp:term":[{"taxonomy":"category","embeddable":true,"href":"https:\/\/levangilealecran.com\/index.php?rest_route=%2Fwp%2Fv2%2Fcategories&post=2272"},{"taxonomy":"post_tag","embeddable":true,"href":"https:\/\/levangilealecran.com\/index.php?rest_route=%2Fwp%2Fv2%2Ftags&post=2272"}],"curies":[{"name":"wp","href":"https:\/\/api.w.org\/{rel}","templated":true}]}}