{"id":2268,"date":"2021-04-03T18:00:00","date_gmt":"2021-04-03T16:00:00","guid":{"rendered":"https:\/\/levangilealecran.com\/?p=2268"},"modified":"2021-04-03T09:02:59","modified_gmt":"2021-04-03T07:02:59","slug":"dimanche-de-paques-b-4-avril-2021","status":"publish","type":"post","link":"https:\/\/levangilealecran.com\/?p=2268","title":{"rendered":"Dimanche de P\u00e2ques &#8211; B &#8211; 4 avril 2021"},"content":{"rendered":"\n<blockquote class=\"wp-block-quote is-layout-flow wp-block-quote-is-layout-flow\"><p>\u00ab&nbsp;N\u2019ayez pas peur.&nbsp; <br>Vous cherchez J\u00e9sus de Nazareth, celui qui a \u00e9t\u00e9 crucifi\u00e9.&nbsp;<br>Il est ressuscit\u00e9.&nbsp;<br>Il n\u2019est pas ici&nbsp;! Voici l\u2019endroit o\u00f9 on l\u2019avait d\u00e9pos\u00e9. \u00bb<\/p><cite>Mc 16,6<\/cite><\/blockquote>\n\n\n\n<figure class=\"wp-block-gallery columns-0 is-cropped wp-block-gallery-1 is-layout-flex wp-block-gallery-is-layout-flex\"><ul class=\"blocks-gallery-grid\"><\/ul><\/figure>\n\n\n\n<figure class=\"wp-block-image size-large\"><a href=\"https:\/\/levangilealecran.com\/wp-content\/uploads\/2021\/04\/EALE-pour-le-4-avril-2021-publication-le-vendredi-2-Mc-16-6.jpg\"><img loading=\"lazy\" decoding=\"async\" width=\"1024\" height=\"679\" src=\"https:\/\/levangilealecran.com\/wp-content\/uploads\/2021\/04\/EALE-pour-le-4-avril-2021-publication-le-vendredi-2-Mc-16-6-1024x679.jpg\" alt=\"\" class=\"wp-image-2269\" srcset=\"https:\/\/levangilealecran.com\/wp-content\/uploads\/2021\/04\/EALE-pour-le-4-avril-2021-publication-le-vendredi-2-Mc-16-6-1024x679.jpg 1024w, https:\/\/levangilealecran.com\/wp-content\/uploads\/2021\/04\/EALE-pour-le-4-avril-2021-publication-le-vendredi-2-Mc-16-6-300x199.jpg 300w, https:\/\/levangilealecran.com\/wp-content\/uploads\/2021\/04\/EALE-pour-le-4-avril-2021-publication-le-vendredi-2-Mc-16-6-768x509.jpg 768w, https:\/\/levangilealecran.com\/wp-content\/uploads\/2021\/04\/EALE-pour-le-4-avril-2021-publication-le-vendredi-2-Mc-16-6-600x398.jpg 600w, https:\/\/levangilealecran.com\/wp-content\/uploads\/2021\/04\/EALE-pour-le-4-avril-2021-publication-le-vendredi-2-Mc-16-6-150x99.jpg 150w, https:\/\/levangilealecran.com\/wp-content\/uploads\/2021\/04\/EALE-pour-le-4-avril-2021-publication-le-vendredi-2-Mc-16-6-226x150.jpg 226w, https:\/\/levangilealecran.com\/wp-content\/uploads\/2021\/04\/EALE-pour-le-4-avril-2021-publication-le-vendredi-2-Mc-16-6.jpg 1070w\" sizes=\"auto, (max-width: 1024px) 100vw, 1024px\" \/><\/a><\/figure>\n\n\n\n<p class=\"wp-block-paragraph\"><strong>&gt; Un conte soufi relate l\u2019histoire d\u2019une veille dame cherchant ses cl\u00e9s, de nuit, sous un lampadaire dans la rue. A un passant qui lui demande o\u00f9 elle les a \u00e9gar\u00e9es, elle r\u00e9pond&nbsp;: \u00ab&nbsp;Je ne sais pas. Mais je cherche ici, parce qu\u2019ici il y a de la lumi\u00e8re.&nbsp;\u00bb Et devant le rire du passant, la femme s\u2019exclame&nbsp;: \u00ab&nbsp;Faites les malins, vous qui cherchez Dieu l\u00e0 il ne se trouve pas, dans les t\u00e9n\u00e8bres. Vous feriez mieux de le chercher dans la lumi\u00e8re.&nbsp;\u00bb<\/strong><\/p>\n\n\n\n<p class=\"wp-block-paragraph\"><strong>&gt; Dieu n\u2019est pas dans la mort. Et trop souvent nous imaginons un Dieu qui rappelle \u00e0 lui, qui fait mourir. Nous lui demandons des comptes pour telle ou telle mort subite. Erreur fatale&nbsp;: ce faisant nous cherchons Dieu l\u00e0 o\u00f9 il n\u2019est pas, au tombeau. La mort c\u2019est quelqu\u2019un d\u2019autre. Dieu, c\u2019est la vie. Et la vie \u00e9ternelle.<\/strong><\/p>\n\n\n\n<p class=\"wp-block-paragraph\"><strong>&gt; A nous de chercher Dieu dans la lumi\u00e8re, d\u00e9sormais. Et d\u2019annoncer au monde qu\u2019il est ressuscit\u00e9&nbsp;! Joyeuses P\u00e2ques \u00e0 Chacune et Chacun&nbsp;!<\/strong><\/p>\n","protected":false},"excerpt":{"rendered":"<p>\u00ab&nbsp;N\u2019ayez pas peur.&nbsp; Vous cherchez J\u00e9sus de Nazareth, celui qui a \u00e9t\u00e9 crucifi\u00e9.&nbsp;Il est ressuscit\u00e9.&nbsp;Il n\u2019est pas ici&nbsp;! Voici l\u2019endroit o\u00f9 on l\u2019avait d\u00e9pos\u00e9. \u00bb Mc 16,6 &gt; Un conte soufi relate l\u2019histoire d\u2019une veille dame cherchant ses cl\u00e9s, de nuit, sous un lampadaire dans la rue. A un passant qui lui demande o\u00f9 elle les a \u00e9gar\u00e9es, elle r\u00e9pond&nbsp;: \u00ab&nbsp;Je ne sais pas. Mais je cherche ici, parce qu\u2019ici il y a de la lumi\u00e8re.&nbsp;\u00bb Et devant le rire du passant, la femme s\u2019exclame&nbsp;: \u00ab&nbsp;Faites les malins, vous qui cherchez Dieu l\u00e0 il ne se trouve pas, dans les t\u00e9n\u00e8bres. Vous feriez mieux de le chercher dans la lumi\u00e8re.&nbsp;\u00bb \u2026 <a class=\"continue-reading-link\" href=\"https:\/\/levangilealecran.com\/?p=2268\"> Continue reading <span class=\"meta-nav\">&rarr; <\/span><\/a><\/p>\n","protected":false},"author":2006,"featured_media":0,"comment_status":"open","ping_status":"open","sticky":false,"template":"","format":"standard","meta":{"footnotes":""},"categories":[4,24,7,73,254,74],"tags":[829,237,235,434,514,52],"class_list":["post-2268","post","type-post","status-publish","format-standard","hentry","category-dimanche","category-fetes","category-marc","category-paques","category-semaine-sainte","category-temps-pascal","tag-eternelle","tag-lumiere","tag-mort","tag-paques","tag-ressuscite","tag-vie"],"_links":{"self":[{"href":"https:\/\/levangilealecran.com\/index.php?rest_route=\/wp\/v2\/posts\/2268","targetHints":{"allow":["GET"]}}],"collection":[{"href":"https:\/\/levangilealecran.com\/index.php?rest_route=\/wp\/v2\/posts"}],"about":[{"href":"https:\/\/levangilealecran.com\/index.php?rest_route=\/wp\/v2\/types\/post"}],"author":[{"embeddable":true,"href":"https:\/\/levangilealecran.com\/index.php?rest_route=\/wp\/v2\/users\/2006"}],"replies":[{"embeddable":true,"href":"https:\/\/levangilealecran.com\/index.php?rest_route=%2Fwp%2Fv2%2Fcomments&post=2268"}],"version-history":[{"count":2,"href":"https:\/\/levangilealecran.com\/index.php?rest_route=\/wp\/v2\/posts\/2268\/revisions"}],"predecessor-version":[{"id":2271,"href":"https:\/\/levangilealecran.com\/index.php?rest_route=\/wp\/v2\/posts\/2268\/revisions\/2271"}],"wp:attachment":[{"href":"https:\/\/levangilealecran.com\/index.php?rest_route=%2Fwp%2Fv2%2Fmedia&parent=2268"}],"wp:term":[{"taxonomy":"category","embeddable":true,"href":"https:\/\/levangilealecran.com\/index.php?rest_route=%2Fwp%2Fv2%2Fcategories&post=2268"},{"taxonomy":"post_tag","embeddable":true,"href":"https:\/\/levangilealecran.com\/index.php?rest_route=%2Fwp%2Fv2%2Ftags&post=2268"}],"curies":[{"name":"wp","href":"https:\/\/api.w.org\/{rel}","templated":true}]}}