{"id":2259,"date":"2021-03-19T08:17:29","date_gmt":"2021-03-19T07:17:29","guid":{"rendered":"https:\/\/levangilealecran.com\/?p=2259"},"modified":"2021-03-19T08:17:55","modified_gmt":"2021-03-19T07:17:55","slug":"2259","status":"publish","type":"post","link":"https:\/\/levangilealecran.com\/?p=2259","title":{"rendered":"5\u00e8me dimanche de car\u00eame \u2013 B \u2013 21 mars 2021"},"content":{"rendered":"\n<blockquote class=\"wp-block-quote is-layout-flow wp-block-quote-is-layout-flow\"><p>\u00ab Si le grain de bl\u00e9 tomb\u00e9 en terre ne meurt pas, il reste seul ; mais s\u2019il meurt, il porte beaucoup de fruit. \u00bb<\/p><cite>Jean 12, 24<\/cite><\/blockquote>\n\n\n\n<figure class=\"wp-block-image size-large\"><a href=\"https:\/\/levangilealecran.com\/wp-content\/uploads\/2021\/03\/ImageEvEcr2021_02_21.jpg\"><img loading=\"lazy\" decoding=\"async\" width=\"600\" height=\"600\" src=\"https:\/\/levangilealecran.com\/wp-content\/uploads\/2021\/03\/ImageEvEcr2021_02_21.jpg\" alt=\"\" class=\"wp-image-2260\" srcset=\"https:\/\/levangilealecran.com\/wp-content\/uploads\/2021\/03\/ImageEvEcr2021_02_21.jpg 600w, https:\/\/levangilealecran.com\/wp-content\/uploads\/2021\/03\/ImageEvEcr2021_02_21-300x300.jpg 300w, https:\/\/levangilealecran.com\/wp-content\/uploads\/2021\/03\/ImageEvEcr2021_02_21-150x150.jpg 150w\" sizes=\"auto, (max-width: 600px) 100vw, 600px\" \/><\/a><\/figure>\n\n\n\n<p class=\"wp-block-paragraph\"><strong>&gt; J\u00e9sus, juste apr\u00e8s son entr\u00e9e \u00e0 J\u00e9rusalem sur un \u00e2non, pr\u00e9cise l\u2019acclamation des Rameaux : s\u2019il a \u00e9t\u00e9 acclam\u00e9 comme le roi d\u2019Isra\u00ebl, c\u2019est en mourant qu\u2019il accomplira sa royaut\u00e9. J\u00e9sus pour devenir Christ doit passer par la mort pour une ouverture sur le salut\u2026 fructueuse.<\/strong><\/p>\n\n\n\n<p class=\"wp-block-paragraph\"><strong>Bien s\u00fbr, la m\u00e9taphore paysanne parle \u00e0 tous. Y compris aux Grecs auxquels J\u00e9sus s\u2019adresse notamment ici. Y compris \u00e0 nous aujourd\u2019hui, en ce de dimanche premier jour du printemps qui, dans le cycle de la nature, nous pr\u00e9parons \u00e0 assister au miracle de la vie plus forte que la mort.<\/strong><\/p>\n\n\n\n<p class=\"wp-block-paragraph\"><strong>Alors cette semaine, dans ce temps \u00ab mort \u00bb pour la vie qu\u2019est le car\u00eame, prenons le temps de la m\u00e9ditation personnelle et communautaire : qu\u2019est-ce qui en moi, en nous, dans l\u2019Eglise, dans la soci\u00e9t\u00e9, doit mourir pour que nous puissions, ensuite, porter beaucoup de fruit ?<\/strong><\/p>\n\n\n\n<p class=\"wp-block-paragraph\"><strong>Passer par la mort, un difficile chemin qui ouvre pourtant sur l\u2019esp\u00e9rance pascale de la r\u00e9surrection en laquelle nous pouvons avoir pleinement confiance.<\/strong><\/p>\n","protected":false},"excerpt":{"rendered":"<p>\u00ab Si le grain de bl\u00e9 tomb\u00e9 en terre ne meurt pas, il reste seul ; mais s\u2019il meurt, il porte beaucoup de fruit. \u00bb Jean 12, 24 &gt; J\u00e9sus, juste apr\u00e8s son entr\u00e9e \u00e0 J\u00e9rusalem sur un \u00e2non, pr\u00e9cise l\u2019acclamation des Rameaux : s\u2019il a \u00e9t\u00e9 acclam\u00e9 comme le roi d\u2019Isra\u00ebl, c\u2019est en mourant qu\u2019il accomplira sa royaut\u00e9. J\u00e9sus pour devenir Christ doit passer par la mort pour une ouverture sur le salut\u2026 fructueuse. Bien s\u00fbr, la m\u00e9taphore paysanne parle \u00e0 tous. Y compris aux Grecs auxquels J\u00e9sus s\u2019adresse notamment ici. Y compris \u00e0 nous aujourd\u2019hui, en ce de dimanche premier jour du printemps qui, dans le cycle de \u2026 <a class=\"continue-reading-link\" href=\"https:\/\/levangilealecran.com\/?p=2259\"> Continue reading <span class=\"meta-nav\">&rarr; <\/span><\/a><\/p>\n","protected":false},"author":2006,"featured_media":0,"comment_status":"open","ping_status":"open","sticky":false,"template":"","format":"standard","meta":{"footnotes":""},"categories":[1],"tags":[],"class_list":["post-2259","post","type-post","status-publish","format-standard","hentry","category-sanscategorie"],"_links":{"self":[{"href":"https:\/\/levangilealecran.com\/index.php?rest_route=\/wp\/v2\/posts\/2259","targetHints":{"allow":["GET"]}}],"collection":[{"href":"https:\/\/levangilealecran.com\/index.php?rest_route=\/wp\/v2\/posts"}],"about":[{"href":"https:\/\/levangilealecran.com\/index.php?rest_route=\/wp\/v2\/types\/post"}],"author":[{"embeddable":true,"href":"https:\/\/levangilealecran.com\/index.php?rest_route=\/wp\/v2\/users\/2006"}],"replies":[{"embeddable":true,"href":"https:\/\/levangilealecran.com\/index.php?rest_route=%2Fwp%2Fv2%2Fcomments&post=2259"}],"version-history":[{"count":2,"href":"https:\/\/levangilealecran.com\/index.php?rest_route=\/wp\/v2\/posts\/2259\/revisions"}],"predecessor-version":[{"id":2262,"href":"https:\/\/levangilealecran.com\/index.php?rest_route=\/wp\/v2\/posts\/2259\/revisions\/2262"}],"wp:attachment":[{"href":"https:\/\/levangilealecran.com\/index.php?rest_route=%2Fwp%2Fv2%2Fmedia&parent=2259"}],"wp:term":[{"taxonomy":"category","embeddable":true,"href":"https:\/\/levangilealecran.com\/index.php?rest_route=%2Fwp%2Fv2%2Fcategories&post=2259"},{"taxonomy":"post_tag","embeddable":true,"href":"https:\/\/levangilealecran.com\/index.php?rest_route=%2Fwp%2Fv2%2Ftags&post=2259"}],"curies":[{"name":"wp","href":"https:\/\/api.w.org\/{rel}","templated":true}]}}