{"id":2254,"date":"2021-03-12T11:41:53","date_gmt":"2021-03-12T10:41:53","guid":{"rendered":"https:\/\/levangilealecran.com\/?p=2254"},"modified":"2021-03-12T11:45:12","modified_gmt":"2021-03-12T10:45:12","slug":"4eme-dimanche-de-careme-b-14-mars-2021","status":"publish","type":"post","link":"https:\/\/levangilealecran.com\/?p=2254","title":{"rendered":"4\u00e8me dimanche de car\u00eame \u2013 B \u2013 14 mars 2021"},"content":{"rendered":"\n<blockquote class=\"wp-block-quote is-layout-flow wp-block-quote-is-layout-flow\"><p>Ainsi faut-il que le Fils de l\u2019Homme soit \u00e9lev\u00e9\u2026<\/p><cite>Jean 3, 14<\/cite><\/blockquote>\n\n\n\n<figure class=\"wp-block-image size-large\"><a href=\"https:\/\/levangilealecran.com\/wp-content\/uploads\/2021\/03\/20210314_Jn314.png\"><img loading=\"lazy\" decoding=\"async\" width=\"1024\" height=\"1024\" src=\"https:\/\/levangilealecran.com\/wp-content\/uploads\/2021\/03\/20210314_Jn314-1024x1024.png\" alt=\"\" class=\"wp-image-2255\" srcset=\"https:\/\/levangilealecran.com\/wp-content\/uploads\/2021\/03\/20210314_Jn314-1024x1024.png 1024w, https:\/\/levangilealecran.com\/wp-content\/uploads\/2021\/03\/20210314_Jn314-300x300.png 300w, https:\/\/levangilealecran.com\/wp-content\/uploads\/2021\/03\/20210314_Jn314-150x150.png 150w, https:\/\/levangilealecran.com\/wp-content\/uploads\/2021\/03\/20210314_Jn314-768x768.png 768w, https:\/\/levangilealecran.com\/wp-content\/uploads\/2021\/03\/20210314_Jn314-600x600.png 600w, https:\/\/levangilealecran.com\/wp-content\/uploads\/2021\/03\/20210314_Jn314.png 1200w\" sizes=\"auto, (max-width: 1024px) 100vw, 1024px\" \/><\/a><\/figure>\n\n\n\n<p class=\"wp-block-paragraph\"><strong>> Quiconque avait \u00e9t\u00e9 mordu par un serpent, s\u2019il regardait le serpent de bronze fabriqu\u00e9 par Mo\u00efse sur ordre du Seigneur, avait la vie sauve. Non en vertu de pouvoirs magiques, mais par la puissance de la Parole du Seigneur. C\u2019est ainsi que le livre de la Sagesse relit cet \u00e9pisode : \u00ab Ni herbe ni pommade ne vint les soulager, mais ta Parole, Seigneur, elle qui gu\u00e9rit tout \u00bb (Sg 16). C\u2019est r\u00e9duite au silence, dans le Fils de l\u2019Homme \u00e9lev\u00e9 en croix, que cette Parole faite chair manifeste toute sa puissance de gu\u00e9rison et de salut.<\/strong><\/p>\n\n\n\n<p class=\"wp-block-paragraph\"><strong><em>Une s\u0153ur de Saint Maurice.<\/em><\/strong><\/p>\n\n\n\n<p class=\"wp-block-paragraph\"><strong>&gt; Cette semaine, appelez J\u00e9sus \u00e0 venir vous soulager des morsures de la vie !<\/strong><\/p>\n","protected":false},"excerpt":{"rendered":"<p>Ainsi faut-il que le Fils de l\u2019Homme soit \u00e9lev\u00e9\u2026 Jean 3, 14 > Quiconque avait \u00e9t\u00e9 mordu par un serpent, s\u2019il regardait le serpent de bronze fabriqu\u00e9 par Mo\u00efse sur ordre du Seigneur, avait la vie sauve. Non en vertu de pouvoirs magiques, mais par la puissance de la Parole du Seigneur. C\u2019est ainsi que le livre de la Sagesse relit cet \u00e9pisode : \u00ab Ni herbe ni pommade ne vint les soulager, mais ta Parole, Seigneur, elle qui gu\u00e9rit tout \u00bb (Sg 16). C\u2019est r\u00e9duite au silence, dans le Fils de l\u2019Homme \u00e9lev\u00e9 en croix, que cette Parole faite chair manifeste toute sa puissance de gu\u00e9rison et de salut. \u2026 <a class=\"continue-reading-link\" href=\"https:\/\/levangilealecran.com\/?p=2254\"> Continue reading <span class=\"meta-nav\">&rarr; <\/span><\/a><\/p>\n","protected":false},"author":2005,"featured_media":0,"comment_status":"open","ping_status":"open","sticky":false,"template":"","format":"standard","meta":{"footnotes":""},"categories":[44,5],"tags":[826,153,825],"class_list":["post-2254","post","type-post","status-publish","format-standard","hentry","category-careme","category-jean","tag-elevation","tag-guerison","tag-morsures"],"_links":{"self":[{"href":"https:\/\/levangilealecran.com\/index.php?rest_route=\/wp\/v2\/posts\/2254","targetHints":{"allow":["GET"]}}],"collection":[{"href":"https:\/\/levangilealecran.com\/index.php?rest_route=\/wp\/v2\/posts"}],"about":[{"href":"https:\/\/levangilealecran.com\/index.php?rest_route=\/wp\/v2\/types\/post"}],"author":[{"embeddable":true,"href":"https:\/\/levangilealecran.com\/index.php?rest_route=\/wp\/v2\/users\/2005"}],"replies":[{"embeddable":true,"href":"https:\/\/levangilealecran.com\/index.php?rest_route=%2Fwp%2Fv2%2Fcomments&post=2254"}],"version-history":[{"count":2,"href":"https:\/\/levangilealecran.com\/index.php?rest_route=\/wp\/v2\/posts\/2254\/revisions"}],"predecessor-version":[{"id":2257,"href":"https:\/\/levangilealecran.com\/index.php?rest_route=\/wp\/v2\/posts\/2254\/revisions\/2257"}],"wp:attachment":[{"href":"https:\/\/levangilealecran.com\/index.php?rest_route=%2Fwp%2Fv2%2Fmedia&parent=2254"}],"wp:term":[{"taxonomy":"category","embeddable":true,"href":"https:\/\/levangilealecran.com\/index.php?rest_route=%2Fwp%2Fv2%2Fcategories&post=2254"},{"taxonomy":"post_tag","embeddable":true,"href":"https:\/\/levangilealecran.com\/index.php?rest_route=%2Fwp%2Fv2%2Ftags&post=2254"}],"curies":[{"name":"wp","href":"https:\/\/api.w.org\/{rel}","templated":true}]}}